{"id":4234,"date":"2026-08-30T11:52:54","date_gmt":"2026-08-30T09:52:54","guid":{"rendered":"https:\/\/styria-wien.at\/?p=4234"},"modified":"2026-08-30T11:53:27","modified_gmt":"2026-08-30T09:53:27","slug":"30-jahre-jubilaeumsturnier-des-esv-styria-wiener-prater","status":"publish","type":"post","link":"https:\/\/styria-wien.at\/?p=4234","title":{"rendered":"30 Jahre Jubil\u00e4umsturnier des ESV Styria Wiener Prater"},"content":{"rendered":"\n<p>Zum 30 j\u00e4hrigen Jubil\u00e4um unseres Vereines veranstalteten wir auf der Anlage in Leopoldau ein Turnier. Mit Mannschaften aus Tschechien, K\u00e4rnten, Ober\u00f6sterreich, Burgenland, Nieder\u00f6sterreich und Wien konnten wir ein volles 15 Turnier spielen. Die Mannschaft aus K\u00e4rnten EV Eberstein konnte sich vor unserer Mannschaft mit Gerlinde, Peter, Bernhard und Hubert durchsetzen. Wir bedanken uns bei allen Teilnehmern und hoffe Sie n\u00e4chstes Jahr wieder zu sehen.<\/p>\n\n\n\n<figure class=\"wp-block-image size-full\"><img loading=\"lazy\" width=\"800\" height=\"600\" src=\"https:\/\/styria-wien.at\/wp-content\/uploads\/2026\/08\/1p.jpg\" alt=\"\" class=\"wp-image-4230\" srcset=\"https:\/\/styria-wien.at\/wp-content\/uploads\/2026\/08\/1p.jpg 800w, https:\/\/styria-wien.at\/wp-content\/uploads\/2026\/08\/1p-300x225.jpg 300w, https:\/\/styria-wien.at\/wp-content\/uploads\/2026\/08\/1p-768x576.jpg 768w\" sizes=\"(max-width: 800px) 100vw, 800px\" \/><figcaption>EV Eberstein aus K\u00e4rnten<\/figcaption><\/figure>\n\n\n\n<figure class=\"wp-block-image size-full\"><img loading=\"lazy\" width=\"800\" height=\"600\" src=\"https:\/\/styria-wien.at\/wp-content\/uploads\/2026\/08\/2p.jpg\" alt=\"\" class=\"wp-image-4231\" srcset=\"https:\/\/styria-wien.at\/wp-content\/uploads\/2026\/08\/2p.jpg 800w, https:\/\/styria-wien.at\/wp-content\/uploads\/2026\/08\/2p-300x225.jpg 300w, https:\/\/styria-wien.at\/wp-content\/uploads\/2026\/08\/2p-768x576.jpg 768w\" sizes=\"(max-width: 800px) 100vw, 800px\" \/><figcaption>ESV Styria Wiener Prater<\/figcaption><\/figure>\n\n\n\n<p><a href=\"https:\/\/styria-wien.at\/wp-content\/uploads\/2026\/08\/Endergebnis.pdf\">ERGEBNIS<\/a><\/p>\n\n\n\n<p><a href=\"https:\/\/photos.app.goo.gl\/a7tVKSDJwWPT6cxXA\">Fotos aller Teilnehmer<\/a><\/p>\n\n\n\n<p><\/p>\n\n\n\n<p><\/p>\n\n\n\n<div class=\"schema-faq wp-block-yoast-faq-block\"><div class=\"schema-faq-section\" id=\"faq-question-1629639802482\"><strong class=\"schema-faq-question\"><\/strong> <p class=\"schema-faq-answer\"><\/p> <\/div> <\/div>\n","protected":false},"excerpt":{"rendered":"<p>Zum 30 j\u00e4hrigen Jubil\u00e4um unseres Vereines veranstalteten wir auf der Anlage in Leopoldau ein Turnier&#8230;.<\/p>\n","protected":false},"author":2,"featured_media":4232,"comment_status":"closed","ping_status":"closed","sticky":false,"template":"","format":"standard","meta":[],"categories":[123],"tags":[],"yoast_head":"<!-- This site is optimized with the Yoast SEO plugin v19.5.1 - https:\/\/yoast.com\/wordpress\/plugins\/seo\/ -->\r\n<title>30 Jahre Jubil\u00e4umsturnier des ESV Styria Wiener Prater - ESV Styria Wiener Prater<\/title>\r\n<meta name=\"robots\" content=\"index, follow, max-snippet:-1, max-image-preview:large, max-video-preview:-1\" \/>\r\n<link rel=\"canonical\" href=\"https:\/\/styria-wien.at\/?p=4234\" \/>\r\n<meta property=\"og:locale\" content=\"de_DE\" \/>\r\n<meta property=\"og:type\" content=\"article\" \/>\r\n<meta property=\"og:title\" content=\"30 Jahre Jubil\u00e4umsturnier des ESV Styria Wiener Prater - ESV Styria Wiener Prater\" \/>\r\n<meta property=\"og:description\" content=\"Zum 30 j\u00e4hrigen Jubil\u00e4um unseres Vereines veranstalteten wir auf der Anlage in Leopoldau ein Turnier....\" \/>\r\n<meta property=\"og:url\" content=\"https:\/\/styria-wien.at\/?p=4234\" \/>\r\n<meta property=\"og:site_name\" content=\"ESV Styria Wiener Prater\" \/>\r\n<meta property=\"article:published_time\" content=\"2026-08-30T09:52:54+00:00\" \/>\r\n<meta property=\"article:modified_time\" content=\"2026-08-30T09:53:27+00:00\" \/>\r\n<meta property=\"og:image\" content=\"https:\/\/styria-wien.at\/wp-content\/uploads\/2026\/08\/Veranstalter-1.jpg\" \/>\r\n\t<meta property=\"og:image:width\" content=\"800\" \/>\r\n\t<meta property=\"og:image:height\" content=\"800\" \/>\r\n\t<meta property=\"og:image:type\" content=\"image\/jpeg\" \/>\r\n<meta name=\"author\" content=\"G\u00fcnter Unger\" \/>\r\n<meta name=\"twitter:card\" content=\"summary_large_image\" \/>\r\n<meta name=\"twitter:label1\" content=\"Verfasst von\" \/>\n\t<meta name=\"twitter:data1\" content=\"G\u00fcnter Unger\" \/>\n\t<meta name=\"twitter:label2\" content=\"Gesch\u00e4tzte Lesezeit\" \/>\n\t<meta name=\"twitter:data2\" content=\"1 Minute\" \/>\r\n<script type=\"application\/ld+json\" class=\"yoast-schema-graph\">{\"@context\":\"https:\/\/schema.org\",\"@graph\":[{\"@type\":[\"WebPage\",\"FAQPage\"],\"@id\":\"https:\/\/styria-wien.at\/?p=4234\",\"url\":\"https:\/\/styria-wien.at\/?p=4234\",\"name\":\"30 Jahre Jubil\u00e4umsturnier des ESV Styria Wiener Prater - ESV Styria Wiener Prater\",\"isPartOf\":{\"@id\":\"https:\/\/styria-wien.at\/#website\"},\"datePublished\":\"2026-08-30T09:52:54+00:00\",\"dateModified\":\"2026-08-30T09:53:27+00:00\",\"author\":{\"@id\":\"https:\/\/styria-wien.at\/#\/schema\/person\/1b10a739067775ede87541d0146c002d\"},\"breadcrumb\":{\"@id\":\"https:\/\/styria-wien.at\/?p=4234#breadcrumb\"},\"inLanguage\":\"de-AT\",\"potentialAction\":[{\"@type\":\"ReadAction\",\"target\":[\"https:\/\/styria-wien.at\/?p=4234\"]}]},{\"@type\":\"BreadcrumbList\",\"@id\":\"https:\/\/styria-wien.at\/?p=4234#breadcrumb\",\"itemListElement\":[{\"@type\":\"ListItem\",\"position\":1,\"name\":\"Home\",\"item\":\"https:\/\/styria-wien.at\/\"},{\"@type\":\"ListItem\",\"position\":2,\"name\":\"30 Jahre Jubil\u00e4umsturnier des ESV Styria Wiener Prater\"}]},{\"@type\":\"WebSite\",\"@id\":\"https:\/\/styria-wien.at\/#website\",\"url\":\"https:\/\/styria-wien.at\/\",\"name\":\"ESV Styria Wiener Prater\",\"description\":\"...erleben Sie Stocksport im Herzen von Wien\",\"potentialAction\":[{\"@type\":\"SearchAction\",\"target\":{\"@type\":\"EntryPoint\",\"urlTemplate\":\"https:\/\/styria-wien.at\/?s={search_term_string}\"},\"query-input\":\"required name=search_term_string\"}],\"inLanguage\":\"de-AT\"},{\"@type\":\"Person\",\"@id\":\"https:\/\/styria-wien.at\/#\/schema\/person\/1b10a739067775ede87541d0146c002d\",\"name\":\"G\u00fcnter Unger\",\"image\":{\"@type\":\"ImageObject\",\"inLanguage\":\"de-AT\",\"@id\":\"https:\/\/styria-wien.at\/#\/schema\/person\/image\/\",\"url\":\"https:\/\/secure.gravatar.com\/avatar\/a183176b86ef819ea9913e4f06b41d35?s=96&d=mm&r=g\",\"contentUrl\":\"https:\/\/secure.gravatar.com\/avatar\/a183176b86ef819ea9913e4f06b41d35?s=96&d=mm&r=g\",\"caption\":\"G\u00fcnter Unger\"},\"sameAs\":[\"http:\/\/www.styria-wien.at\"],\"url\":\"https:\/\/styria-wien.at\/?author=2\"}]}<\/script>\r\n<!-- \/ Yoast SEO plugin. -->","yoast_head_json":{"title":"30 Jahre Jubil\u00e4umsturnier des ESV Styria Wiener Prater - ESV Styria Wiener Prater","robots":{"index":"index","follow":"follow","max-snippet":"max-snippet:-1","max-image-preview":"max-image-preview:large","max-video-preview":"max-video-preview:-1"},"canonical":"https:\/\/styria-wien.at\/?p=4234","og_locale":"de_DE","og_type":"article","og_title":"30 Jahre Jubil\u00e4umsturnier des ESV Styria Wiener Prater - ESV Styria Wiener Prater","og_description":"Zum 30 j\u00e4hrigen Jubil\u00e4um unseres Vereines veranstalteten wir auf der Anlage in Leopoldau ein Turnier....","og_url":"https:\/\/styria-wien.at\/?p=4234","og_site_name":"ESV Styria Wiener Prater","article_published_time":"2026-08-30T09:52:54+00:00","article_modified_time":"2026-08-30T09:53:27+00:00","og_image":[{"width":800,"height":800,"url":"https:\/\/styria-wien.at\/wp-content\/uploads\/2026\/08\/Veranstalter-1.jpg","type":"image\/jpeg"}],"author":"G\u00fcnter Unger","twitter_card":"summary_large_image","twitter_misc":{"Verfasst von":"G\u00fcnter Unger","Gesch\u00e4tzte Lesezeit":"1 Minute"},"schema":{"@context":"https:\/\/schema.org","@graph":[{"@type":["WebPage","FAQPage"],"@id":"https:\/\/styria-wien.at\/?p=4234","url":"https:\/\/styria-wien.at\/?p=4234","name":"30 Jahre Jubil\u00e4umsturnier des ESV Styria Wiener Prater - ESV Styria Wiener Prater","isPartOf":{"@id":"https:\/\/styria-wien.at\/#website"},"datePublished":"2026-08-30T09:52:54+00:00","dateModified":"2026-08-30T09:53:27+00:00","author":{"@id":"https:\/\/styria-wien.at\/#\/schema\/person\/1b10a739067775ede87541d0146c002d"},"breadcrumb":{"@id":"https:\/\/styria-wien.at\/?p=4234#breadcrumb"},"inLanguage":"de-AT","potentialAction":[{"@type":"ReadAction","target":["https:\/\/styria-wien.at\/?p=4234"]}]},{"@type":"BreadcrumbList","@id":"https:\/\/styria-wien.at\/?p=4234#breadcrumb","itemListElement":[{"@type":"ListItem","position":1,"name":"Home","item":"https:\/\/styria-wien.at\/"},{"@type":"ListItem","position":2,"name":"30 Jahre Jubil\u00e4umsturnier des ESV Styria Wiener Prater"}]},{"@type":"WebSite","@id":"https:\/\/styria-wien.at\/#website","url":"https:\/\/styria-wien.at\/","name":"ESV Styria Wiener Prater","description":"...erleben Sie Stocksport im Herzen von Wien","potentialAction":[{"@type":"SearchAction","target":{"@type":"EntryPoint","urlTemplate":"https:\/\/styria-wien.at\/?s={search_term_string}"},"query-input":"required name=search_term_string"}],"inLanguage":"de-AT"},{"@type":"Person","@id":"https:\/\/styria-wien.at\/#\/schema\/person\/1b10a739067775ede87541d0146c002d","name":"G\u00fcnter Unger","image":{"@type":"ImageObject","inLanguage":"de-AT","@id":"https:\/\/styria-wien.at\/#\/schema\/person\/image\/","url":"https:\/\/secure.gravatar.com\/avatar\/a183176b86ef819ea9913e4f06b41d35?s=96&d=mm&r=g","contentUrl":"https:\/\/secure.gravatar.com\/avatar\/a183176b86ef819ea9913e4f06b41d35?s=96&d=mm&r=g","caption":"G\u00fcnter Unger"},"sameAs":["http:\/\/www.styria-wien.at"],"url":"https:\/\/styria-wien.at\/?author=2"}]}},"featured_image_urls":{"full":["https:\/\/styria-wien.at\/wp-content\/uploads\/2026\/08\/Veranstalter-1.jpg",800,800,false],"thumbnail":["https:\/\/styria-wien.at\/wp-content\/uploads\/2026\/08\/Veranstalter-1-150x150.jpg",150,150,true],"medium":["https:\/\/styria-wien.at\/wp-content\/uploads\/2026\/08\/Veranstalter-1-300x300.jpg",300,300,true],"medium_large":["https:\/\/styria-wien.at\/wp-content\/uploads\/2026\/08\/Veranstalter-1-768x768.jpg",640,640,true],"large":["https:\/\/styria-wien.at\/wp-content\/uploads\/2026\/08\/Veranstalter-1.jpg",640,640,false],"xmedium":["https:\/\/styria-wien.at\/wp-content\/uploads\/2026\/08\/Veranstalter-1-450x450.jpg",450,450,true],"medium_slide":["https:\/\/styria-wien.at\/wp-content\/uploads\/2026\/08\/Veranstalter-1-800x400.jpg",800,400,true],"big_slide":["https:\/\/styria-wien.at\/wp-content\/uploads\/2026\/08\/Veranstalter-1-800x400.jpg",800,400,true],"1536x1536":["https:\/\/styria-wien.at\/wp-content\/uploads\/2026\/08\/Veranstalter-1.jpg",800,800,false],"2048x2048":["https:\/\/styria-wien.at\/wp-content\/uploads\/2026\/08\/Veranstalter-1.jpg",800,800,false],"newsphere-slider-full":["https:\/\/styria-wien.at\/wp-content\/uploads\/2026\/08\/Veranstalter-1-800x720.jpg",800,720,true],"newsphere-featured":["https:\/\/styria-wien.at\/wp-content\/uploads\/2026\/08\/Veranstalter-1.jpg",800,800,false],"newsphere-medium":["https:\/\/styria-wien.at\/wp-content\/uploads\/2026\/08\/Veranstalter-1-720x380.jpg",720,380,true]},"author_info":{"display_name":"G\u00fcnter Unger","author_link":"https:\/\/styria-wien.at\/?author=2"},"category_info":"<a href=\"https:\/\/styria-wien.at\/?cat=123\" rel=\"category\">Sommer 2026<\/a>","tag_info":"Sommer 2026","comment_count":"0","_links":{"self":[{"href":"https:\/\/styria-wien.at\/index.php?rest_route=\/wp\/v2\/posts\/4234"}],"collection":[{"href":"https:\/\/styria-wien.at\/index.php?rest_route=\/wp\/v2\/posts"}],"about":[{"href":"https:\/\/styria-wien.at\/index.php?rest_route=\/wp\/v2\/types\/post"}],"author":[{"embeddable":true,"href":"https:\/\/styria-wien.at\/index.php?rest_route=\/wp\/v2\/users\/2"}],"replies":[{"embeddable":true,"href":"https:\/\/styria-wien.at\/index.php?rest_route=%2Fwp%2Fv2%2Fcomments&post=4234"}],"version-history":[{"count":2,"href":"https:\/\/styria-wien.at\/index.php?rest_route=\/wp\/v2\/posts\/4234\/revisions"}],"predecessor-version":[{"id":4236,"href":"https:\/\/styria-wien.at\/index.php?rest_route=\/wp\/v2\/posts\/4234\/revisions\/4236"}],"wp:featuredmedia":[{"embeddable":true,"href":"https:\/\/styria-wien.at\/index.php?rest_route=\/wp\/v2\/media\/4232"}],"wp:attachment":[{"href":"https:\/\/styria-wien.at\/index.php?rest_route=%2Fwp%2Fv2%2Fmedia&parent=4234"}],"wp:term":[{"taxonomy":"category","embeddable":true,"href":"https:\/\/styria-wien.at\/index.php?rest_route=%2Fwp%2Fv2%2Fcategories&post=4234"},{"taxonomy":"post_tag","embeddable":true,"href":"https:\/\/styria-wien.at\/index.php?rest_route=%2Fwp%2Fv2%2Ftags&post=4234"}],"curies":[{"name":"wp","href":"https:\/\/api.w.org\/{rel}","templated":true}]}}