{"id":3538,"date":"2025-08-30T20:13:31","date_gmt":"2025-08-30T18:13:31","guid":{"rendered":"https:\/\/styria-wien.at\/?p=3538"},"modified":"2025-08-30T20:13:33","modified_gmt":"2025-08-30T18:13:33","slug":"sommerturnier-esv-styria-wiener-prater","status":"publish","type":"post","link":"https:\/\/styria-wien.at\/?p=3538","title":{"rendered":"Sommerturnier ESV Styria Wiener Prater"},"content":{"rendered":"\n<p>Mit 13 Mannschaften und bei sch\u00f6nen Wetter veranstaltete unser Verein am 30.08.2025 in der Leopoldau sein Sommertunier. Mit der Mannschaft Gerlinde. Peter, Bernhard und Karl stellten wir auch eine Mannschaft welche nach sehr guter Leistung den 3. Platz erreicht. Gewinner wurde der ESC Vienna vor ESV Frankenfels,<\/p>\n\n\n\n<p><\/p>\n\n\n\n<p><a href=\"https:\/\/styria-wien.at\/wp-content\/uploads\/2025\/08\/Endergebnis.pdf\">ERGEBNIS<\/a><\/p>\n\n\n\n<figure class=\"wp-block-image size-full\"><img loading=\"lazy\" width=\"800\" height=\"800\" src=\"https:\/\/styria-wien.at\/wp-content\/uploads\/2025\/08\/1Platz.jpg\" alt=\"\" class=\"wp-image-3534\" srcset=\"https:\/\/styria-wien.at\/wp-content\/uploads\/2025\/08\/1Platz.jpg 800w, https:\/\/styria-wien.at\/wp-content\/uploads\/2025\/08\/1Platz-300x300.jpg 300w, https:\/\/styria-wien.at\/wp-content\/uploads\/2025\/08\/1Platz-150x150.jpg 150w, https:\/\/styria-wien.at\/wp-content\/uploads\/2025\/08\/1Platz-768x768.jpg 768w, https:\/\/styria-wien.at\/wp-content\/uploads\/2025\/08\/1Platz-450x450.jpg 450w\" sizes=\"(max-width: 800px) 100vw, 800px\" \/><figcaption><strong>1. Platz ESC Vienna<\/strong><\/figcaption><\/figure>\n\n\n\n<figure class=\"wp-block-image size-full\"><img loading=\"lazy\" width=\"800\" height=\"800\" src=\"https:\/\/styria-wien.at\/wp-content\/uploads\/2025\/08\/2Platz.jpg\" alt=\"\" class=\"wp-image-3535\" srcset=\"https:\/\/styria-wien.at\/wp-content\/uploads\/2025\/08\/2Platz.jpg 800w, https:\/\/styria-wien.at\/wp-content\/uploads\/2025\/08\/2Platz-300x300.jpg 300w, https:\/\/styria-wien.at\/wp-content\/uploads\/2025\/08\/2Platz-150x150.jpg 150w, https:\/\/styria-wien.at\/wp-content\/uploads\/2025\/08\/2Platz-768x768.jpg 768w, https:\/\/styria-wien.at\/wp-content\/uploads\/2025\/08\/2Platz-450x450.jpg 450w\" sizes=\"(max-width: 800px) 100vw, 800px\" \/><figcaption><strong>2 Platz ESV Frankenfels<\/strong><\/figcaption><\/figure>\n\n\n\n<figure class=\"wp-block-image size-full\"><img loading=\"lazy\" width=\"800\" height=\"800\" src=\"https:\/\/styria-wien.at\/wp-content\/uploads\/2025\/08\/3Platz.jpg\" alt=\"\" class=\"wp-image-3536\" srcset=\"https:\/\/styria-wien.at\/wp-content\/uploads\/2025\/08\/3Platz.jpg 800w, https:\/\/styria-wien.at\/wp-content\/uploads\/2025\/08\/3Platz-300x300.jpg 300w, https:\/\/styria-wien.at\/wp-content\/uploads\/2025\/08\/3Platz-150x150.jpg 150w, https:\/\/styria-wien.at\/wp-content\/uploads\/2025\/08\/3Platz-768x768.jpg 768w, https:\/\/styria-wien.at\/wp-content\/uploads\/2025\/08\/3Platz-450x450.jpg 450w\" sizes=\"(max-width: 800px) 100vw, 800px\" \/><figcaption><strong>3. Platz ESV Styria Wiener Prater<\/strong><\/figcaption><\/figure>\n\n\n\n<figure class=\"wp-block-image size-full\"><img loading=\"lazy\" width=\"800\" height=\"800\" src=\"https:\/\/styria-wien.at\/wp-content\/uploads\/2025\/08\/5Platz.jpg\" alt=\"\" class=\"wp-image-3537\" srcset=\"https:\/\/styria-wien.at\/wp-content\/uploads\/2025\/08\/5Platz.jpg 800w, https:\/\/styria-wien.at\/wp-content\/uploads\/2025\/08\/5Platz-300x300.jpg 300w, https:\/\/styria-wien.at\/wp-content\/uploads\/2025\/08\/5Platz-150x150.jpg 150w, https:\/\/styria-wien.at\/wp-content\/uploads\/2025\/08\/5Platz-768x768.jpg 768w, https:\/\/styria-wien.at\/wp-content\/uploads\/2025\/08\/5Platz-450x450.jpg 450w\" sizes=\"(max-width: 800px) 100vw, 800px\" \/><figcaption><strong>5.Platz ESV Kottingbrunn<\/strong><\/figcaption><\/figure>\n\n\n\n<div class=\"schema-faq wp-block-yoast-faq-block\"><div class=\"schema-faq-section\" id=\"faq-question-1629639802482\"><strong class=\"schema-faq-question\"><\/strong> <p class=\"schema-faq-answer\"><\/p> <\/div> <\/div>\n","protected":false},"excerpt":{"rendered":"<p>Mit 13 Mannschaften und bei sch\u00f6nen Wetter veranstaltete unser Verein am 30.08.2025 in der Leopoldau&#8230;<\/p>\n","protected":false},"author":2,"featured_media":3534,"comment_status":"closed","ping_status":"closed","sticky":false,"template":"","format":"standard","meta":[],"categories":[115],"tags":[],"yoast_head":"<!-- This site is optimized with the Yoast SEO plugin v19.5.1 - https:\/\/yoast.com\/wordpress\/plugins\/seo\/ -->\r\n<title>Sommerturnier ESV Styria Wiener Prater - ESV Styria Wiener Prater<\/title>\r\n<meta name=\"robots\" content=\"index, follow, max-snippet:-1, max-image-preview:large, max-video-preview:-1\" \/>\r\n<link rel=\"canonical\" href=\"https:\/\/styria-wien.at\/?p=3538\" \/>\r\n<meta property=\"og:locale\" content=\"de_DE\" \/>\r\n<meta property=\"og:type\" content=\"article\" \/>\r\n<meta property=\"og:title\" content=\"Sommerturnier ESV Styria Wiener Prater - ESV Styria Wiener Prater\" \/>\r\n<meta property=\"og:description\" content=\"Mit 13 Mannschaften und bei sch\u00f6nen Wetter veranstaltete unser Verein am 30.08.2025 in der Leopoldau...\" \/>\r\n<meta property=\"og:url\" content=\"https:\/\/styria-wien.at\/?p=3538\" \/>\r\n<meta property=\"og:site_name\" content=\"ESV Styria Wiener Prater\" \/>\r\n<meta property=\"article:published_time\" content=\"2025-08-30T18:13:31+00:00\" \/>\r\n<meta property=\"article:modified_time\" content=\"2025-08-30T18:13:33+00:00\" \/>\r\n<meta property=\"og:image\" content=\"https:\/\/styria-wien.at\/wp-content\/uploads\/2025\/08\/1Platz.jpg\" \/>\r\n\t<meta property=\"og:image:width\" content=\"800\" \/>\r\n\t<meta property=\"og:image:height\" content=\"800\" \/>\r\n\t<meta property=\"og:image:type\" content=\"image\/jpeg\" \/>\r\n<meta name=\"author\" content=\"G\u00fcnter Unger\" \/>\r\n<meta name=\"twitter:card\" content=\"summary_large_image\" \/>\r\n<meta name=\"twitter:label1\" content=\"Verfasst von\" \/>\n\t<meta name=\"twitter:data1\" content=\"G\u00fcnter Unger\" \/>\n\t<meta name=\"twitter:label2\" content=\"Gesch\u00e4tzte Lesezeit\" \/>\n\t<meta name=\"twitter:data2\" content=\"2 Minuten\" \/>\r\n<script type=\"application\/ld+json\" class=\"yoast-schema-graph\">{\"@context\":\"https:\/\/schema.org\",\"@graph\":[{\"@type\":[\"WebPage\",\"FAQPage\"],\"@id\":\"https:\/\/styria-wien.at\/?p=3538\",\"url\":\"https:\/\/styria-wien.at\/?p=3538\",\"name\":\"Sommerturnier ESV Styria Wiener Prater - ESV Styria Wiener Prater\",\"isPartOf\":{\"@id\":\"https:\/\/styria-wien.at\/#website\"},\"datePublished\":\"2025-08-30T18:13:31+00:00\",\"dateModified\":\"2025-08-30T18:13:33+00:00\",\"author\":{\"@id\":\"https:\/\/styria-wien.at\/#\/schema\/person\/1b10a739067775ede87541d0146c002d\"},\"breadcrumb\":{\"@id\":\"https:\/\/styria-wien.at\/?p=3538#breadcrumb\"},\"inLanguage\":\"de-AT\",\"potentialAction\":[{\"@type\":\"ReadAction\",\"target\":[\"https:\/\/styria-wien.at\/?p=3538\"]}]},{\"@type\":\"BreadcrumbList\",\"@id\":\"https:\/\/styria-wien.at\/?p=3538#breadcrumb\",\"itemListElement\":[{\"@type\":\"ListItem\",\"position\":1,\"name\":\"Home\",\"item\":\"https:\/\/styria-wien.at\/\"},{\"@type\":\"ListItem\",\"position\":2,\"name\":\"Sommerturnier ESV Styria Wiener Prater\"}]},{\"@type\":\"WebSite\",\"@id\":\"https:\/\/styria-wien.at\/#website\",\"url\":\"https:\/\/styria-wien.at\/\",\"name\":\"ESV Styria Wiener Prater\",\"description\":\"...erleben Sie Stocksport im Herzen von Wien\",\"potentialAction\":[{\"@type\":\"SearchAction\",\"target\":{\"@type\":\"EntryPoint\",\"urlTemplate\":\"https:\/\/styria-wien.at\/?s={search_term_string}\"},\"query-input\":\"required name=search_term_string\"}],\"inLanguage\":\"de-AT\"},{\"@type\":\"Person\",\"@id\":\"https:\/\/styria-wien.at\/#\/schema\/person\/1b10a739067775ede87541d0146c002d\",\"name\":\"G\u00fcnter Unger\",\"image\":{\"@type\":\"ImageObject\",\"inLanguage\":\"de-AT\",\"@id\":\"https:\/\/styria-wien.at\/#\/schema\/person\/image\/\",\"url\":\"https:\/\/secure.gravatar.com\/avatar\/a183176b86ef819ea9913e4f06b41d35?s=96&d=mm&r=g\",\"contentUrl\":\"https:\/\/secure.gravatar.com\/avatar\/a183176b86ef819ea9913e4f06b41d35?s=96&d=mm&r=g\",\"caption\":\"G\u00fcnter Unger\"},\"sameAs\":[\"http:\/\/www.styria-wien.at\"],\"url\":\"https:\/\/styria-wien.at\/?author=2\"}]}<\/script>\r\n<!-- \/ Yoast SEO plugin. -->","yoast_head_json":{"title":"Sommerturnier ESV Styria Wiener Prater - ESV Styria Wiener Prater","robots":{"index":"index","follow":"follow","max-snippet":"max-snippet:-1","max-image-preview":"max-image-preview:large","max-video-preview":"max-video-preview:-1"},"canonical":"https:\/\/styria-wien.at\/?p=3538","og_locale":"de_DE","og_type":"article","og_title":"Sommerturnier ESV Styria Wiener Prater - ESV Styria Wiener Prater","og_description":"Mit 13 Mannschaften und bei sch\u00f6nen Wetter veranstaltete unser Verein am 30.08.2025 in der Leopoldau...","og_url":"https:\/\/styria-wien.at\/?p=3538","og_site_name":"ESV Styria Wiener Prater","article_published_time":"2025-08-30T18:13:31+00:00","article_modified_time":"2025-08-30T18:13:33+00:00","og_image":[{"width":800,"height":800,"url":"https:\/\/styria-wien.at\/wp-content\/uploads\/2025\/08\/1Platz.jpg","type":"image\/jpeg"}],"author":"G\u00fcnter Unger","twitter_card":"summary_large_image","twitter_misc":{"Verfasst von":"G\u00fcnter Unger","Gesch\u00e4tzte Lesezeit":"2 Minuten"},"schema":{"@context":"https:\/\/schema.org","@graph":[{"@type":["WebPage","FAQPage"],"@id":"https:\/\/styria-wien.at\/?p=3538","url":"https:\/\/styria-wien.at\/?p=3538","name":"Sommerturnier ESV Styria Wiener Prater - ESV Styria Wiener Prater","isPartOf":{"@id":"https:\/\/styria-wien.at\/#website"},"datePublished":"2025-08-30T18:13:31+00:00","dateModified":"2025-08-30T18:13:33+00:00","author":{"@id":"https:\/\/styria-wien.at\/#\/schema\/person\/1b10a739067775ede87541d0146c002d"},"breadcrumb":{"@id":"https:\/\/styria-wien.at\/?p=3538#breadcrumb"},"inLanguage":"de-AT","potentialAction":[{"@type":"ReadAction","target":["https:\/\/styria-wien.at\/?p=3538"]}]},{"@type":"BreadcrumbList","@id":"https:\/\/styria-wien.at\/?p=3538#breadcrumb","itemListElement":[{"@type":"ListItem","position":1,"name":"Home","item":"https:\/\/styria-wien.at\/"},{"@type":"ListItem","position":2,"name":"Sommerturnier ESV Styria Wiener Prater"}]},{"@type":"WebSite","@id":"https:\/\/styria-wien.at\/#website","url":"https:\/\/styria-wien.at\/","name":"ESV Styria Wiener Prater","description":"...erleben Sie Stocksport im Herzen von Wien","potentialAction":[{"@type":"SearchAction","target":{"@type":"EntryPoint","urlTemplate":"https:\/\/styria-wien.at\/?s={search_term_string}"},"query-input":"required name=search_term_string"}],"inLanguage":"de-AT"},{"@type":"Person","@id":"https:\/\/styria-wien.at\/#\/schema\/person\/1b10a739067775ede87541d0146c002d","name":"G\u00fcnter Unger","image":{"@type":"ImageObject","inLanguage":"de-AT","@id":"https:\/\/styria-wien.at\/#\/schema\/person\/image\/","url":"https:\/\/secure.gravatar.com\/avatar\/a183176b86ef819ea9913e4f06b41d35?s=96&d=mm&r=g","contentUrl":"https:\/\/secure.gravatar.com\/avatar\/a183176b86ef819ea9913e4f06b41d35?s=96&d=mm&r=g","caption":"G\u00fcnter Unger"},"sameAs":["http:\/\/www.styria-wien.at"],"url":"https:\/\/styria-wien.at\/?author=2"}]}},"featured_image_urls":{"full":["https:\/\/styria-wien.at\/wp-content\/uploads\/2025\/08\/1Platz.jpg",800,800,false],"thumbnail":["https:\/\/styria-wien.at\/wp-content\/uploads\/2025\/08\/1Platz-150x150.jpg",150,150,true],"medium":["https:\/\/styria-wien.at\/wp-content\/uploads\/2025\/08\/1Platz-300x300.jpg",300,300,true],"medium_large":["https:\/\/styria-wien.at\/wp-content\/uploads\/2025\/08\/1Platz-768x768.jpg",640,640,true],"large":["https:\/\/styria-wien.at\/wp-content\/uploads\/2025\/08\/1Platz.jpg",640,640,false],"xmedium":["https:\/\/styria-wien.at\/wp-content\/uploads\/2025\/08\/1Platz-450x450.jpg",450,450,true],"medium_slide":["https:\/\/styria-wien.at\/wp-content\/uploads\/2025\/08\/1Platz-800x400.jpg",800,400,true],"big_slide":["https:\/\/styria-wien.at\/wp-content\/uploads\/2025\/08\/1Platz-800x400.jpg",800,400,true],"1536x1536":["https:\/\/styria-wien.at\/wp-content\/uploads\/2025\/08\/1Platz.jpg",800,800,false],"2048x2048":["https:\/\/styria-wien.at\/wp-content\/uploads\/2025\/08\/1Platz.jpg",800,800,false],"newsphere-slider-full":["https:\/\/styria-wien.at\/wp-content\/uploads\/2025\/08\/1Platz-800x720.jpg",800,720,true],"newsphere-featured":["https:\/\/styria-wien.at\/wp-content\/uploads\/2025\/08\/1Platz.jpg",800,800,false],"newsphere-medium":["https:\/\/styria-wien.at\/wp-content\/uploads\/2025\/08\/1Platz-720x380.jpg",720,380,true]},"author_info":{"display_name":"G\u00fcnter Unger","author_link":"https:\/\/styria-wien.at\/?author=2"},"category_info":"<a href=\"https:\/\/styria-wien.at\/?cat=115\" rel=\"category\">Sommer 2025<\/a>","tag_info":"Sommer 2025","comment_count":"0","_links":{"self":[{"href":"https:\/\/styria-wien.at\/index.php?rest_route=\/wp\/v2\/posts\/3538"}],"collection":[{"href":"https:\/\/styria-wien.at\/index.php?rest_route=\/wp\/v2\/posts"}],"about":[{"href":"https:\/\/styria-wien.at\/index.php?rest_route=\/wp\/v2\/types\/post"}],"author":[{"embeddable":true,"href":"https:\/\/styria-wien.at\/index.php?rest_route=\/wp\/v2\/users\/2"}],"replies":[{"embeddable":true,"href":"https:\/\/styria-wien.at\/index.php?rest_route=%2Fwp%2Fv2%2Fcomments&post=3538"}],"version-history":[{"count":1,"href":"https:\/\/styria-wien.at\/index.php?rest_route=\/wp\/v2\/posts\/3538\/revisions"}],"predecessor-version":[{"id":3539,"href":"https:\/\/styria-wien.at\/index.php?rest_route=\/wp\/v2\/posts\/3538\/revisions\/3539"}],"wp:featuredmedia":[{"embeddable":true,"href":"https:\/\/styria-wien.at\/index.php?rest_route=\/wp\/v2\/media\/3534"}],"wp:attachment":[{"href":"https:\/\/styria-wien.at\/index.php?rest_route=%2Fwp%2Fv2%2Fmedia&parent=3538"}],"wp:term":[{"taxonomy":"category","embeddable":true,"href":"https:\/\/styria-wien.at\/index.php?rest_route=%2Fwp%2Fv2%2Fcategories&post=3538"},{"taxonomy":"post_tag","embeddable":true,"href":"https:\/\/styria-wien.at\/index.php?rest_route=%2Fwp%2Fv2%2Ftags&post=3538"}],"curies":[{"name":"wp","href":"https:\/\/api.w.org\/{rel}","templated":true}]}}