{"id":2885,"date":"2024-09-08T09:26:30","date_gmt":"2024-09-08T07:26:30","guid":{"rendered":"https:\/\/styria-wien.at\/?p=2885"},"modified":"2024-09-08T09:26:30","modified_gmt":"2024-09-08T07:26:30","slug":"asvoe-bundescup-3","status":"publish","type":"post","link":"https:\/\/styria-wien.at\/?p=2885","title":{"rendered":"ASV\u00d6 Bundescup"},"content":{"rendered":"\n<p>Der ESV Styria Wien hat beim ASV\u00d6 Bundescup in Klagenfurt teilgenommen. Die Mannschaft mit Hubert, Heinz, Bernhard, Rafael und G\u00fcnter haben sich in der Gruppenphase mit 5 Punkten bei 7 Mannschaften gut geschlagen. Die Bahnen Spiele gingen leider verloren. Die Mannschaft zeigte jedoch das Sie mit den guten Starterfeld mithalten konnte.  <\/p>\n\n\n\n<p><a href=\"https:\/\/styria-wien.at\/wp-content\/uploads\/2024\/09\/Gruppenergebnis.pdf\">GRUPPE A ERGEBNIS<\/a><\/p>\n\n\n\n<p><a href=\"https:\/\/styria-wien.at\/wp-content\/uploads\/2024\/09\/Gesamtergebnis.pdf\">GESAMTERGEBNIS<\/a><\/p>\n\n\n\n<div class=\"schema-faq wp-block-yoast-faq-block\"><div class=\"schema-faq-section\" id=\"faq-question-1629639802482\"><strong class=\"schema-faq-question\"><\/strong> <p class=\"schema-faq-answer\"><\/p> <\/div> <\/div>\n","protected":false},"excerpt":{"rendered":"<p>Der ESV Styria Wien hat beim ASV\u00d6 Bundescup in Klagenfurt teilgenommen. Die Mannschaft mit Hubert,&#8230;<\/p>\n","protected":false},"author":2,"featured_media":2882,"comment_status":"closed","ping_status":"closed","sticky":false,"template":"","format":"standard","meta":[],"categories":[109],"tags":[],"yoast_head":"<!-- This site is optimized with the Yoast SEO plugin v19.5.1 - https:\/\/yoast.com\/wordpress\/plugins\/seo\/ -->\r\n<title>ASV\u00d6 Bundescup - ESV Styria Wiener Prater<\/title>\r\n<meta name=\"robots\" content=\"index, follow, max-snippet:-1, max-image-preview:large, max-video-preview:-1\" \/>\r\n<link rel=\"canonical\" href=\"https:\/\/styria-wien.at\/?p=2885\" \/>\r\n<meta property=\"og:locale\" content=\"de_DE\" \/>\r\n<meta property=\"og:type\" content=\"article\" \/>\r\n<meta property=\"og:title\" content=\"ASV\u00d6 Bundescup - ESV Styria Wiener Prater\" \/>\r\n<meta property=\"og:description\" content=\"Der ESV Styria Wien hat beim ASV\u00d6 Bundescup in Klagenfurt teilgenommen. Die Mannschaft mit Hubert,...\" \/>\r\n<meta property=\"og:url\" content=\"https:\/\/styria-wien.at\/?p=2885\" \/>\r\n<meta property=\"og:site_name\" content=\"ESV Styria Wiener Prater\" \/>\r\n<meta property=\"article:published_time\" content=\"2024-09-08T07:26:30+00:00\" \/>\r\n<meta property=\"og:image\" content=\"https:\/\/styria-wien.at\/wp-content\/uploads\/2024\/08\/Gesamt.jpg\" \/>\r\n\t<meta property=\"og:image:width\" content=\"800\" \/>\r\n\t<meta property=\"og:image:height\" content=\"800\" \/>\r\n\t<meta property=\"og:image:type\" content=\"image\/jpeg\" \/>\r\n<meta name=\"author\" content=\"G\u00fcnter Unger\" \/>\r\n<meta name=\"twitter:card\" content=\"summary_large_image\" \/>\r\n<meta name=\"twitter:label1\" content=\"Verfasst von\" \/>\n\t<meta name=\"twitter:data1\" content=\"G\u00fcnter Unger\" \/>\n\t<meta name=\"twitter:label2\" content=\"Gesch\u00e4tzte Lesezeit\" \/>\n\t<meta name=\"twitter:data2\" content=\"1 Minute\" \/>\r\n<script type=\"application\/ld+json\" class=\"yoast-schema-graph\">{\"@context\":\"https:\/\/schema.org\",\"@graph\":[{\"@type\":[\"WebPage\",\"FAQPage\"],\"@id\":\"https:\/\/styria-wien.at\/?p=2885\",\"url\":\"https:\/\/styria-wien.at\/?p=2885\",\"name\":\"ASV\u00d6 Bundescup - ESV Styria Wiener Prater\",\"isPartOf\":{\"@id\":\"https:\/\/styria-wien.at\/#website\"},\"datePublished\":\"2024-09-08T07:26:30+00:00\",\"dateModified\":\"2024-09-08T07:26:30+00:00\",\"author\":{\"@id\":\"https:\/\/styria-wien.at\/#\/schema\/person\/1b10a739067775ede87541d0146c002d\"},\"breadcrumb\":{\"@id\":\"https:\/\/styria-wien.at\/?p=2885#breadcrumb\"},\"inLanguage\":\"de-AT\",\"potentialAction\":[{\"@type\":\"ReadAction\",\"target\":[\"https:\/\/styria-wien.at\/?p=2885\"]}]},{\"@type\":\"BreadcrumbList\",\"@id\":\"https:\/\/styria-wien.at\/?p=2885#breadcrumb\",\"itemListElement\":[{\"@type\":\"ListItem\",\"position\":1,\"name\":\"Home\",\"item\":\"https:\/\/styria-wien.at\/\"},{\"@type\":\"ListItem\",\"position\":2,\"name\":\"ASV\u00d6 Bundescup\"}]},{\"@type\":\"WebSite\",\"@id\":\"https:\/\/styria-wien.at\/#website\",\"url\":\"https:\/\/styria-wien.at\/\",\"name\":\"ESV Styria Wiener Prater\",\"description\":\"...erleben Sie Stocksport im Herzen von Wien\",\"potentialAction\":[{\"@type\":\"SearchAction\",\"target\":{\"@type\":\"EntryPoint\",\"urlTemplate\":\"https:\/\/styria-wien.at\/?s={search_term_string}\"},\"query-input\":\"required name=search_term_string\"}],\"inLanguage\":\"de-AT\"},{\"@type\":\"Person\",\"@id\":\"https:\/\/styria-wien.at\/#\/schema\/person\/1b10a739067775ede87541d0146c002d\",\"name\":\"G\u00fcnter Unger\",\"image\":{\"@type\":\"ImageObject\",\"inLanguage\":\"de-AT\",\"@id\":\"https:\/\/styria-wien.at\/#\/schema\/person\/image\/\",\"url\":\"https:\/\/secure.gravatar.com\/avatar\/a183176b86ef819ea9913e4f06b41d35?s=96&d=mm&r=g\",\"contentUrl\":\"https:\/\/secure.gravatar.com\/avatar\/a183176b86ef819ea9913e4f06b41d35?s=96&d=mm&r=g\",\"caption\":\"G\u00fcnter Unger\"},\"sameAs\":[\"http:\/\/www.styria-wien.at\"],\"url\":\"https:\/\/styria-wien.at\/?author=2\"}]}<\/script>\r\n<!-- \/ Yoast SEO plugin. -->","yoast_head_json":{"title":"ASV\u00d6 Bundescup - ESV Styria Wiener Prater","robots":{"index":"index","follow":"follow","max-snippet":"max-snippet:-1","max-image-preview":"max-image-preview:large","max-video-preview":"max-video-preview:-1"},"canonical":"https:\/\/styria-wien.at\/?p=2885","og_locale":"de_DE","og_type":"article","og_title":"ASV\u00d6 Bundescup - ESV Styria Wiener Prater","og_description":"Der ESV Styria Wien hat beim ASV\u00d6 Bundescup in Klagenfurt teilgenommen. Die Mannschaft mit Hubert,...","og_url":"https:\/\/styria-wien.at\/?p=2885","og_site_name":"ESV Styria Wiener Prater","article_published_time":"2024-09-08T07:26:30+00:00","og_image":[{"width":800,"height":800,"url":"https:\/\/styria-wien.at\/wp-content\/uploads\/2024\/08\/Gesamt.jpg","type":"image\/jpeg"}],"author":"G\u00fcnter Unger","twitter_card":"summary_large_image","twitter_misc":{"Verfasst von":"G\u00fcnter Unger","Gesch\u00e4tzte Lesezeit":"1 Minute"},"schema":{"@context":"https:\/\/schema.org","@graph":[{"@type":["WebPage","FAQPage"],"@id":"https:\/\/styria-wien.at\/?p=2885","url":"https:\/\/styria-wien.at\/?p=2885","name":"ASV\u00d6 Bundescup - ESV Styria Wiener Prater","isPartOf":{"@id":"https:\/\/styria-wien.at\/#website"},"datePublished":"2024-09-08T07:26:30+00:00","dateModified":"2024-09-08T07:26:30+00:00","author":{"@id":"https:\/\/styria-wien.at\/#\/schema\/person\/1b10a739067775ede87541d0146c002d"},"breadcrumb":{"@id":"https:\/\/styria-wien.at\/?p=2885#breadcrumb"},"inLanguage":"de-AT","potentialAction":[{"@type":"ReadAction","target":["https:\/\/styria-wien.at\/?p=2885"]}]},{"@type":"BreadcrumbList","@id":"https:\/\/styria-wien.at\/?p=2885#breadcrumb","itemListElement":[{"@type":"ListItem","position":1,"name":"Home","item":"https:\/\/styria-wien.at\/"},{"@type":"ListItem","position":2,"name":"ASV\u00d6 Bundescup"}]},{"@type":"WebSite","@id":"https:\/\/styria-wien.at\/#website","url":"https:\/\/styria-wien.at\/","name":"ESV Styria Wiener Prater","description":"...erleben Sie Stocksport im Herzen von Wien","potentialAction":[{"@type":"SearchAction","target":{"@type":"EntryPoint","urlTemplate":"https:\/\/styria-wien.at\/?s={search_term_string}"},"query-input":"required name=search_term_string"}],"inLanguage":"de-AT"},{"@type":"Person","@id":"https:\/\/styria-wien.at\/#\/schema\/person\/1b10a739067775ede87541d0146c002d","name":"G\u00fcnter Unger","image":{"@type":"ImageObject","inLanguage":"de-AT","@id":"https:\/\/styria-wien.at\/#\/schema\/person\/image\/","url":"https:\/\/secure.gravatar.com\/avatar\/a183176b86ef819ea9913e4f06b41d35?s=96&d=mm&r=g","contentUrl":"https:\/\/secure.gravatar.com\/avatar\/a183176b86ef819ea9913e4f06b41d35?s=96&d=mm&r=g","caption":"G\u00fcnter Unger"},"sameAs":["http:\/\/www.styria-wien.at"],"url":"https:\/\/styria-wien.at\/?author=2"}]}},"featured_image_urls":{"full":["https:\/\/styria-wien.at\/wp-content\/uploads\/2024\/09\/IMG_5693.jpg",1512,1512,false],"thumbnail":["https:\/\/styria-wien.at\/wp-content\/uploads\/2024\/09\/IMG_5693-150x150.jpg",150,150,true],"medium":["https:\/\/styria-wien.at\/wp-content\/uploads\/2024\/09\/IMG_5693-300x300.jpg",300,300,true],"medium_large":["https:\/\/styria-wien.at\/wp-content\/uploads\/2024\/09\/IMG_5693-768x768.jpg",640,640,true],"large":["https:\/\/styria-wien.at\/wp-content\/uploads\/2024\/09\/IMG_5693-1024x1024.jpg",640,640,true],"xmedium":["https:\/\/styria-wien.at\/wp-content\/uploads\/2024\/09\/IMG_5693-450x450.jpg",450,450,true],"medium_slide":["https:\/\/styria-wien.at\/wp-content\/uploads\/2024\/09\/IMG_5693-1300x400.jpg",1300,400,true],"big_slide":["https:\/\/styria-wien.at\/wp-content\/uploads\/2024\/09\/IMG_5693-1300x400.jpg",1300,400,true],"1536x1536":["https:\/\/styria-wien.at\/wp-content\/uploads\/2024\/09\/IMG_5693.jpg",1512,1512,false],"2048x2048":["https:\/\/styria-wien.at\/wp-content\/uploads\/2024\/09\/IMG_5693.jpg",1512,1512,false],"newsphere-slider-full":["https:\/\/styria-wien.at\/wp-content\/uploads\/2024\/09\/IMG_5693-1280x720.jpg",1280,720,true],"newsphere-featured":["https:\/\/styria-wien.at\/wp-content\/uploads\/2024\/09\/IMG_5693-1024x1024.jpg",1024,1024,true],"newsphere-medium":["https:\/\/styria-wien.at\/wp-content\/uploads\/2024\/09\/IMG_5693-720x380.jpg",720,380,true]},"author_info":{"display_name":"G\u00fcnter Unger","author_link":"https:\/\/styria-wien.at\/?author=2"},"category_info":"<a href=\"https:\/\/styria-wien.at\/?cat=109\" rel=\"category\">Sommer 2024<\/a>","tag_info":"Sommer 2024","comment_count":"0","_links":{"self":[{"href":"https:\/\/styria-wien.at\/index.php?rest_route=\/wp\/v2\/posts\/2885"}],"collection":[{"href":"https:\/\/styria-wien.at\/index.php?rest_route=\/wp\/v2\/posts"}],"about":[{"href":"https:\/\/styria-wien.at\/index.php?rest_route=\/wp\/v2\/types\/post"}],"author":[{"embeddable":true,"href":"https:\/\/styria-wien.at\/index.php?rest_route=\/wp\/v2\/users\/2"}],"replies":[{"embeddable":true,"href":"https:\/\/styria-wien.at\/index.php?rest_route=%2Fwp%2Fv2%2Fcomments&post=2885"}],"version-history":[{"count":1,"href":"https:\/\/styria-wien.at\/index.php?rest_route=\/wp\/v2\/posts\/2885\/revisions"}],"predecessor-version":[{"id":2886,"href":"https:\/\/styria-wien.at\/index.php?rest_route=\/wp\/v2\/posts\/2885\/revisions\/2886"}],"wp:featuredmedia":[{"embeddable":true,"href":"https:\/\/styria-wien.at\/index.php?rest_route=\/wp\/v2\/media\/2882"}],"wp:attachment":[{"href":"https:\/\/styria-wien.at\/index.php?rest_route=%2Fwp%2Fv2%2Fmedia&parent=2885"}],"wp:term":[{"taxonomy":"category","embeddable":true,"href":"https:\/\/styria-wien.at\/index.php?rest_route=%2Fwp%2Fv2%2Fcategories&post=2885"},{"taxonomy":"post_tag","embeddable":true,"href":"https:\/\/styria-wien.at\/index.php?rest_route=%2Fwp%2Fv2%2Ftags&post=2885"}],"curies":[{"name":"wp","href":"https:\/\/api.w.org\/{rel}","templated":true}]}}