{"id":2472,"date":"2024-02-12T13:44:12","date_gmt":"2024-02-12T11:44:12","guid":{"rendered":"https:\/\/styria-wien.at\/?p=2472"},"modified":"2024-02-12T13:44:14","modified_gmt":"2024-02-12T11:44:14","slug":"lm-senioren-3","status":"publish","type":"post","link":"https:\/\/styria-wien.at\/?p=2472","title":{"rendered":"LM-Senioren"},"content":{"rendered":"\n<p><\/p>\n\n\n\n<p>Der ESV Styria Wien erreichte bei der LM Senioren die Bronzemedaille. Die Mannschaft mit Marc, Luis, Peter, Hubert und Heinz konnte am 11.2.2024 in Ternitz den 3. Platz bei erreichen. Wir gratulieren.<\/p>\n\n\n\n<p><\/p>\n\n\n\n<p><\/p>\n\n\n\n<p><a href=\"https:\/\/styria-wien.at\/wp-content\/uploads\/2024\/02\/ErgLMS.pdf\">ERGEBNIS<\/a><\/p>\n\n\n\n<p><\/p>\n\n\n\n<div class=\"schema-faq wp-block-yoast-faq-block\"><div class=\"schema-faq-section\" id=\"faq-question-1629639802482\"><strong class=\"schema-faq-question\"><\/strong> <p class=\"schema-faq-answer\"><\/p> <\/div> <\/div>\n","protected":false},"excerpt":{"rendered":"<p>Der ESV Styria Wien erreichte bei der LM Senioren die Bronzemedaille. Die Mannschaft mit Marc,&#8230;<\/p>\n","protected":false},"author":2,"featured_media":2470,"comment_status":"closed","ping_status":"closed","sticky":false,"template":"","format":"standard","meta":[],"categories":[105],"tags":[],"yoast_head":"<!-- This site is optimized with the Yoast SEO plugin v19.5.1 - https:\/\/yoast.com\/wordpress\/plugins\/seo\/ -->\r\n<title>LM-Senioren - ESV Styria Wiener Prater<\/title>\r\n<meta name=\"robots\" content=\"index, follow, max-snippet:-1, max-image-preview:large, max-video-preview:-1\" \/>\r\n<link rel=\"canonical\" href=\"https:\/\/styria-wien.at\/?p=2472\" \/>\r\n<meta property=\"og:locale\" content=\"de_DE\" \/>\r\n<meta property=\"og:type\" content=\"article\" \/>\r\n<meta property=\"og:title\" content=\"LM-Senioren - ESV Styria Wiener Prater\" \/>\r\n<meta property=\"og:description\" content=\"Der ESV Styria Wien erreichte bei der LM Senioren die Bronzemedaille. Die Mannschaft mit Marc,...\" \/>\r\n<meta property=\"og:url\" content=\"https:\/\/styria-wien.at\/?p=2472\" \/>\r\n<meta property=\"og:site_name\" content=\"ESV Styria Wiener Prater\" \/>\r\n<meta property=\"article:published_time\" content=\"2024-02-12T11:44:12+00:00\" \/>\r\n<meta property=\"article:modified_time\" content=\"2024-02-12T11:44:14+00:00\" \/>\r\n<meta property=\"og:image\" content=\"https:\/\/styria-wien.at\/wp-content\/uploads\/2024\/02\/Bildalein.jpg\" \/>\r\n\t<meta property=\"og:image:width\" content=\"1000\" \/>\r\n\t<meta property=\"og:image:height\" content=\"750\" \/>\r\n\t<meta property=\"og:image:type\" content=\"image\/jpeg\" \/>\r\n<meta name=\"author\" content=\"G\u00fcnter Unger\" \/>\r\n<meta name=\"twitter:card\" content=\"summary_large_image\" \/>\r\n<meta name=\"twitter:label1\" content=\"Verfasst von\" \/>\n\t<meta name=\"twitter:data1\" content=\"G\u00fcnter Unger\" \/>\n\t<meta name=\"twitter:label2\" content=\"Gesch\u00e4tzte Lesezeit\" \/>\n\t<meta name=\"twitter:data2\" content=\"1 Minute\" \/>\r\n<script type=\"application\/ld+json\" class=\"yoast-schema-graph\">{\"@context\":\"https:\/\/schema.org\",\"@graph\":[{\"@type\":[\"WebPage\",\"FAQPage\"],\"@id\":\"https:\/\/styria-wien.at\/?p=2472\",\"url\":\"https:\/\/styria-wien.at\/?p=2472\",\"name\":\"LM-Senioren - ESV Styria Wiener Prater\",\"isPartOf\":{\"@id\":\"https:\/\/styria-wien.at\/#website\"},\"datePublished\":\"2024-02-12T11:44:12+00:00\",\"dateModified\":\"2024-02-12T11:44:14+00:00\",\"author\":{\"@id\":\"https:\/\/styria-wien.at\/#\/schema\/person\/1b10a739067775ede87541d0146c002d\"},\"breadcrumb\":{\"@id\":\"https:\/\/styria-wien.at\/?p=2472#breadcrumb\"},\"inLanguage\":\"de-AT\",\"potentialAction\":[{\"@type\":\"ReadAction\",\"target\":[\"https:\/\/styria-wien.at\/?p=2472\"]}]},{\"@type\":\"BreadcrumbList\",\"@id\":\"https:\/\/styria-wien.at\/?p=2472#breadcrumb\",\"itemListElement\":[{\"@type\":\"ListItem\",\"position\":1,\"name\":\"Home\",\"item\":\"https:\/\/styria-wien.at\/\"},{\"@type\":\"ListItem\",\"position\":2,\"name\":\"LM-Senioren\"}]},{\"@type\":\"WebSite\",\"@id\":\"https:\/\/styria-wien.at\/#website\",\"url\":\"https:\/\/styria-wien.at\/\",\"name\":\"ESV Styria Wiener Prater\",\"description\":\"...erleben Sie Stocksport im Herzen von Wien\",\"potentialAction\":[{\"@type\":\"SearchAction\",\"target\":{\"@type\":\"EntryPoint\",\"urlTemplate\":\"https:\/\/styria-wien.at\/?s={search_term_string}\"},\"query-input\":\"required name=search_term_string\"}],\"inLanguage\":\"de-AT\"},{\"@type\":\"Person\",\"@id\":\"https:\/\/styria-wien.at\/#\/schema\/person\/1b10a739067775ede87541d0146c002d\",\"name\":\"G\u00fcnter Unger\",\"image\":{\"@type\":\"ImageObject\",\"inLanguage\":\"de-AT\",\"@id\":\"https:\/\/styria-wien.at\/#\/schema\/person\/image\/\",\"url\":\"https:\/\/secure.gravatar.com\/avatar\/a183176b86ef819ea9913e4f06b41d35?s=96&d=mm&r=g\",\"contentUrl\":\"https:\/\/secure.gravatar.com\/avatar\/a183176b86ef819ea9913e4f06b41d35?s=96&d=mm&r=g\",\"caption\":\"G\u00fcnter Unger\"},\"sameAs\":[\"http:\/\/www.styria-wien.at\"],\"url\":\"https:\/\/styria-wien.at\/?author=2\"}]}<\/script>\r\n<!-- \/ Yoast SEO plugin. -->","yoast_head_json":{"title":"LM-Senioren - ESV Styria Wiener Prater","robots":{"index":"index","follow":"follow","max-snippet":"max-snippet:-1","max-image-preview":"max-image-preview:large","max-video-preview":"max-video-preview:-1"},"canonical":"https:\/\/styria-wien.at\/?p=2472","og_locale":"de_DE","og_type":"article","og_title":"LM-Senioren - ESV Styria Wiener Prater","og_description":"Der ESV Styria Wien erreichte bei der LM Senioren die Bronzemedaille. Die Mannschaft mit Marc,...","og_url":"https:\/\/styria-wien.at\/?p=2472","og_site_name":"ESV Styria Wiener Prater","article_published_time":"2024-02-12T11:44:12+00:00","article_modified_time":"2024-02-12T11:44:14+00:00","og_image":[{"width":1000,"height":750,"url":"https:\/\/styria-wien.at\/wp-content\/uploads\/2024\/02\/Bildalein.jpg","type":"image\/jpeg"}],"author":"G\u00fcnter Unger","twitter_card":"summary_large_image","twitter_misc":{"Verfasst von":"G\u00fcnter Unger","Gesch\u00e4tzte Lesezeit":"1 Minute"},"schema":{"@context":"https:\/\/schema.org","@graph":[{"@type":["WebPage","FAQPage"],"@id":"https:\/\/styria-wien.at\/?p=2472","url":"https:\/\/styria-wien.at\/?p=2472","name":"LM-Senioren - ESV Styria Wiener Prater","isPartOf":{"@id":"https:\/\/styria-wien.at\/#website"},"datePublished":"2024-02-12T11:44:12+00:00","dateModified":"2024-02-12T11:44:14+00:00","author":{"@id":"https:\/\/styria-wien.at\/#\/schema\/person\/1b10a739067775ede87541d0146c002d"},"breadcrumb":{"@id":"https:\/\/styria-wien.at\/?p=2472#breadcrumb"},"inLanguage":"de-AT","potentialAction":[{"@type":"ReadAction","target":["https:\/\/styria-wien.at\/?p=2472"]}]},{"@type":"BreadcrumbList","@id":"https:\/\/styria-wien.at\/?p=2472#breadcrumb","itemListElement":[{"@type":"ListItem","position":1,"name":"Home","item":"https:\/\/styria-wien.at\/"},{"@type":"ListItem","position":2,"name":"LM-Senioren"}]},{"@type":"WebSite","@id":"https:\/\/styria-wien.at\/#website","url":"https:\/\/styria-wien.at\/","name":"ESV Styria Wiener Prater","description":"...erleben Sie Stocksport im Herzen von Wien","potentialAction":[{"@type":"SearchAction","target":{"@type":"EntryPoint","urlTemplate":"https:\/\/styria-wien.at\/?s={search_term_string}"},"query-input":"required name=search_term_string"}],"inLanguage":"de-AT"},{"@type":"Person","@id":"https:\/\/styria-wien.at\/#\/schema\/person\/1b10a739067775ede87541d0146c002d","name":"G\u00fcnter Unger","image":{"@type":"ImageObject","inLanguage":"de-AT","@id":"https:\/\/styria-wien.at\/#\/schema\/person\/image\/","url":"https:\/\/secure.gravatar.com\/avatar\/a183176b86ef819ea9913e4f06b41d35?s=96&d=mm&r=g","contentUrl":"https:\/\/secure.gravatar.com\/avatar\/a183176b86ef819ea9913e4f06b41d35?s=96&d=mm&r=g","caption":"G\u00fcnter Unger"},"sameAs":["http:\/\/www.styria-wien.at"],"url":"https:\/\/styria-wien.at\/?author=2"}]}},"featured_image_urls":{"full":["https:\/\/styria-wien.at\/wp-content\/uploads\/2024\/02\/Bildalein.jpg",1000,750,false],"thumbnail":["https:\/\/styria-wien.at\/wp-content\/uploads\/2024\/02\/Bildalein-150x150.jpg",150,150,true],"medium":["https:\/\/styria-wien.at\/wp-content\/uploads\/2024\/02\/Bildalein-300x225.jpg",300,225,true],"medium_large":["https:\/\/styria-wien.at\/wp-content\/uploads\/2024\/02\/Bildalein-768x576.jpg",640,480,true],"large":["https:\/\/styria-wien.at\/wp-content\/uploads\/2024\/02\/Bildalein.jpg",640,480,false],"xmedium":["https:\/\/styria-wien.at\/wp-content\/uploads\/2024\/02\/Bildalein-450x450.jpg",450,450,true],"medium_slide":["https:\/\/styria-wien.at\/wp-content\/uploads\/2024\/02\/Bildalein-1000x400.jpg",1000,400,true],"big_slide":["https:\/\/styria-wien.at\/wp-content\/uploads\/2024\/02\/Bildalein-1000x400.jpg",1000,400,true],"1536x1536":["https:\/\/styria-wien.at\/wp-content\/uploads\/2024\/02\/Bildalein.jpg",1000,750,false],"2048x2048":["https:\/\/styria-wien.at\/wp-content\/uploads\/2024\/02\/Bildalein.jpg",1000,750,false],"newsphere-slider-full":["https:\/\/styria-wien.at\/wp-content\/uploads\/2024\/02\/Bildalein-1000x720.jpg",1000,720,true],"newsphere-featured":["https:\/\/styria-wien.at\/wp-content\/uploads\/2024\/02\/Bildalein.jpg",1000,750,false],"newsphere-medium":["https:\/\/styria-wien.at\/wp-content\/uploads\/2024\/02\/Bildalein-720x380.jpg",720,380,true]},"author_info":{"display_name":"G\u00fcnter Unger","author_link":"https:\/\/styria-wien.at\/?author=2"},"category_info":"<a href=\"https:\/\/styria-wien.at\/?cat=105\" rel=\"category\">Winter 2023\/2024<\/a>","tag_info":"Winter 2023\/2024","comment_count":"0","_links":{"self":[{"href":"https:\/\/styria-wien.at\/index.php?rest_route=\/wp\/v2\/posts\/2472"}],"collection":[{"href":"https:\/\/styria-wien.at\/index.php?rest_route=\/wp\/v2\/posts"}],"about":[{"href":"https:\/\/styria-wien.at\/index.php?rest_route=\/wp\/v2\/types\/post"}],"author":[{"embeddable":true,"href":"https:\/\/styria-wien.at\/index.php?rest_route=\/wp\/v2\/users\/2"}],"replies":[{"embeddable":true,"href":"https:\/\/styria-wien.at\/index.php?rest_route=%2Fwp%2Fv2%2Fcomments&post=2472"}],"version-history":[{"count":1,"href":"https:\/\/styria-wien.at\/index.php?rest_route=\/wp\/v2\/posts\/2472\/revisions"}],"predecessor-version":[{"id":2473,"href":"https:\/\/styria-wien.at\/index.php?rest_route=\/wp\/v2\/posts\/2472\/revisions\/2473"}],"wp:featuredmedia":[{"embeddable":true,"href":"https:\/\/styria-wien.at\/index.php?rest_route=\/wp\/v2\/media\/2470"}],"wp:attachment":[{"href":"https:\/\/styria-wien.at\/index.php?rest_route=%2Fwp%2Fv2%2Fmedia&parent=2472"}],"wp:term":[{"taxonomy":"category","embeddable":true,"href":"https:\/\/styria-wien.at\/index.php?rest_route=%2Fwp%2Fv2%2Fcategories&post=2472"},{"taxonomy":"post_tag","embeddable":true,"href":"https:\/\/styria-wien.at\/index.php?rest_route=%2Fwp%2Fv2%2Ftags&post=2472"}],"curies":[{"name":"wp","href":"https:\/\/api.w.org\/{rel}","templated":true}]}}