{"id":2191,"date":"2023-06-13T10:34:35","date_gmt":"2023-06-13T08:34:35","guid":{"rendered":"https:\/\/styria-wien.at\/?p=2191"},"modified":"2023-08-14T08:26:36","modified_gmt":"2023-08-14T06:26:36","slug":"31-int-stocksporttage-seeboden","status":"publish","type":"post","link":"https:\/\/styria-wien.at\/?p=2191","title":{"rendered":"31. Int. Stocksporttage Seeboden"},"content":{"rendered":"\n<figure class=\"wp-block-image size-full\"><img loading=\"lazy\" width=\"1000\" height=\"750\" src=\"https:\/\/styria-wien.at\/wp-content\/uploads\/2023\/06\/bild-ges.jpg\" alt=\"\" class=\"wp-image-2190\" srcset=\"https:\/\/styria-wien.at\/wp-content\/uploads\/2023\/06\/bild-ges.jpg 1000w, https:\/\/styria-wien.at\/wp-content\/uploads\/2023\/06\/bild-ges-300x225.jpg 300w, https:\/\/styria-wien.at\/wp-content\/uploads\/2023\/06\/bild-ges-768x576.jpg 768w\" sizes=\"(max-width: 1000px) 100vw, 1000px\" \/><\/figure>\n\n\n\n<p>Bei den Int. Stocksporttagen in Seeboden wurden beim Mix Turnier in Seeboden am Freitag den 9.6.23  der 9 Platz mit 12 Punkten und beim Herren Turnier am Samstag in M\u00f6llbr\u00fccke der 8 Platz mit 16 Punkten erreicht. An beiden Tagen wurde von unserem Team mit Gerlinde, Pia, Hubert, Peter und G\u00fcnter hervorragender Stocksport gezeigt. Wir gratulieren unserer Mannschaft aufs herzlichste.<\/p>\n\n\n\n<p><a href=\"https:\/\/styria-wien.at\/wp-content\/uploads\/2023\/06\/Ergebnisliste_2023INT.pdf\">ERGEBNIS<\/a><\/p>\n\n\n\n<p><\/p>\n\n\n\n<div class=\"schema-faq wp-block-yoast-faq-block\"><div class=\"schema-faq-section\" id=\"faq-question-1629639802482\"><strong class=\"schema-faq-question\"><\/strong> <p class=\"schema-faq-answer\"><\/p> <\/div> <\/div>\n","protected":false},"excerpt":{"rendered":"<p>Bei den Int. Stocksporttagen in Seeboden wurden beim Mix Turnier in Seeboden am Freitag den&#8230;<\/p>\n","protected":false},"author":2,"featured_media":2189,"comment_status":"closed","ping_status":"closed","sticky":false,"template":"","format":"standard","meta":[],"categories":[102,103],"tags":[],"yoast_head":"<!-- This site is optimized with the Yoast SEO plugin v19.5.1 - https:\/\/yoast.com\/wordpress\/plugins\/seo\/ -->\r\n<title>31. Int. Stocksporttage Seeboden - ESV Styria Wiener Prater<\/title>\r\n<meta name=\"robots\" content=\"index, follow, max-snippet:-1, max-image-preview:large, max-video-preview:-1\" \/>\r\n<link rel=\"canonical\" href=\"https:\/\/styria-wien.at\/?p=2191\" \/>\r\n<meta property=\"og:locale\" content=\"de_DE\" \/>\r\n<meta property=\"og:type\" content=\"article\" \/>\r\n<meta property=\"og:title\" content=\"31. Int. Stocksporttage Seeboden - ESV Styria Wiener Prater\" \/>\r\n<meta property=\"og:description\" content=\"Bei den Int. Stocksporttagen in Seeboden wurden beim Mix Turnier in Seeboden am Freitag den...\" \/>\r\n<meta property=\"og:url\" content=\"https:\/\/styria-wien.at\/?p=2191\" \/>\r\n<meta property=\"og:site_name\" content=\"ESV Styria Wiener Prater\" \/>\r\n<meta property=\"article:published_time\" content=\"2023-06-13T08:34:35+00:00\" \/>\r\n<meta property=\"article:modified_time\" content=\"2023-08-14T06:26:36+00:00\" \/>\r\n<meta property=\"og:image\" content=\"https:\/\/styria-wien.at\/wp-content\/uploads\/2023\/06\/Bild-seeb.jpg\" \/>\r\n\t<meta property=\"og:image:width\" content=\"750\" \/>\r\n\t<meta property=\"og:image:height\" content=\"1000\" \/>\r\n\t<meta property=\"og:image:type\" content=\"image\/jpeg\" \/>\r\n<meta name=\"author\" content=\"G\u00fcnter Unger\" \/>\r\n<meta name=\"twitter:card\" content=\"summary_large_image\" \/>\r\n<meta name=\"twitter:label1\" content=\"Verfasst von\" \/>\n\t<meta name=\"twitter:data1\" content=\"G\u00fcnter Unger\" \/>\n\t<meta name=\"twitter:label2\" content=\"Gesch\u00e4tzte Lesezeit\" \/>\n\t<meta name=\"twitter:data2\" content=\"1 Minute\" \/>\r\n<script type=\"application\/ld+json\" class=\"yoast-schema-graph\">{\"@context\":\"https:\/\/schema.org\",\"@graph\":[{\"@type\":[\"WebPage\",\"FAQPage\"],\"@id\":\"https:\/\/styria-wien.at\/?p=2191\",\"url\":\"https:\/\/styria-wien.at\/?p=2191\",\"name\":\"31. Int. Stocksporttage Seeboden - ESV Styria Wiener Prater\",\"isPartOf\":{\"@id\":\"https:\/\/styria-wien.at\/#website\"},\"datePublished\":\"2023-06-13T08:34:35+00:00\",\"dateModified\":\"2023-08-14T06:26:36+00:00\",\"author\":{\"@id\":\"https:\/\/styria-wien.at\/#\/schema\/person\/1b10a739067775ede87541d0146c002d\"},\"breadcrumb\":{\"@id\":\"https:\/\/styria-wien.at\/?p=2191#breadcrumb\"},\"inLanguage\":\"de-AT\",\"potentialAction\":[{\"@type\":\"ReadAction\",\"target\":[\"https:\/\/styria-wien.at\/?p=2191\"]}]},{\"@type\":\"BreadcrumbList\",\"@id\":\"https:\/\/styria-wien.at\/?p=2191#breadcrumb\",\"itemListElement\":[{\"@type\":\"ListItem\",\"position\":1,\"name\":\"Home\",\"item\":\"https:\/\/styria-wien.at\/\"},{\"@type\":\"ListItem\",\"position\":2,\"name\":\"31. Int. Stocksporttage Seeboden\"}]},{\"@type\":\"WebSite\",\"@id\":\"https:\/\/styria-wien.at\/#website\",\"url\":\"https:\/\/styria-wien.at\/\",\"name\":\"ESV Styria Wiener Prater\",\"description\":\"...erleben Sie Stocksport im Herzen von Wien\",\"potentialAction\":[{\"@type\":\"SearchAction\",\"target\":{\"@type\":\"EntryPoint\",\"urlTemplate\":\"https:\/\/styria-wien.at\/?s={search_term_string}\"},\"query-input\":\"required name=search_term_string\"}],\"inLanguage\":\"de-AT\"},{\"@type\":\"Person\",\"@id\":\"https:\/\/styria-wien.at\/#\/schema\/person\/1b10a739067775ede87541d0146c002d\",\"name\":\"G\u00fcnter Unger\",\"image\":{\"@type\":\"ImageObject\",\"inLanguage\":\"de-AT\",\"@id\":\"https:\/\/styria-wien.at\/#\/schema\/person\/image\/\",\"url\":\"https:\/\/secure.gravatar.com\/avatar\/a183176b86ef819ea9913e4f06b41d35?s=96&d=mm&r=g\",\"contentUrl\":\"https:\/\/secure.gravatar.com\/avatar\/a183176b86ef819ea9913e4f06b41d35?s=96&d=mm&r=g\",\"caption\":\"G\u00fcnter Unger\"},\"sameAs\":[\"http:\/\/www.styria-wien.at\"],\"url\":\"https:\/\/styria-wien.at\/?author=2\"}]}<\/script>\r\n<!-- \/ Yoast SEO plugin. -->","yoast_head_json":{"title":"31. Int. Stocksporttage Seeboden - ESV Styria Wiener Prater","robots":{"index":"index","follow":"follow","max-snippet":"max-snippet:-1","max-image-preview":"max-image-preview:large","max-video-preview":"max-video-preview:-1"},"canonical":"https:\/\/styria-wien.at\/?p=2191","og_locale":"de_DE","og_type":"article","og_title":"31. Int. Stocksporttage Seeboden - ESV Styria Wiener Prater","og_description":"Bei den Int. Stocksporttagen in Seeboden wurden beim Mix Turnier in Seeboden am Freitag den...","og_url":"https:\/\/styria-wien.at\/?p=2191","og_site_name":"ESV Styria Wiener Prater","article_published_time":"2023-06-13T08:34:35+00:00","article_modified_time":"2023-08-14T06:26:36+00:00","og_image":[{"width":750,"height":1000,"url":"https:\/\/styria-wien.at\/wp-content\/uploads\/2023\/06\/Bild-seeb.jpg","type":"image\/jpeg"}],"author":"G\u00fcnter Unger","twitter_card":"summary_large_image","twitter_misc":{"Verfasst von":"G\u00fcnter Unger","Gesch\u00e4tzte Lesezeit":"1 Minute"},"schema":{"@context":"https:\/\/schema.org","@graph":[{"@type":["WebPage","FAQPage"],"@id":"https:\/\/styria-wien.at\/?p=2191","url":"https:\/\/styria-wien.at\/?p=2191","name":"31. Int. Stocksporttage Seeboden - ESV Styria Wiener Prater","isPartOf":{"@id":"https:\/\/styria-wien.at\/#website"},"datePublished":"2023-06-13T08:34:35+00:00","dateModified":"2023-08-14T06:26:36+00:00","author":{"@id":"https:\/\/styria-wien.at\/#\/schema\/person\/1b10a739067775ede87541d0146c002d"},"breadcrumb":{"@id":"https:\/\/styria-wien.at\/?p=2191#breadcrumb"},"inLanguage":"de-AT","potentialAction":[{"@type":"ReadAction","target":["https:\/\/styria-wien.at\/?p=2191"]}]},{"@type":"BreadcrumbList","@id":"https:\/\/styria-wien.at\/?p=2191#breadcrumb","itemListElement":[{"@type":"ListItem","position":1,"name":"Home","item":"https:\/\/styria-wien.at\/"},{"@type":"ListItem","position":2,"name":"31. Int. Stocksporttage Seeboden"}]},{"@type":"WebSite","@id":"https:\/\/styria-wien.at\/#website","url":"https:\/\/styria-wien.at\/","name":"ESV Styria Wiener Prater","description":"...erleben Sie Stocksport im Herzen von Wien","potentialAction":[{"@type":"SearchAction","target":{"@type":"EntryPoint","urlTemplate":"https:\/\/styria-wien.at\/?s={search_term_string}"},"query-input":"required name=search_term_string"}],"inLanguage":"de-AT"},{"@type":"Person","@id":"https:\/\/styria-wien.at\/#\/schema\/person\/1b10a739067775ede87541d0146c002d","name":"G\u00fcnter Unger","image":{"@type":"ImageObject","inLanguage":"de-AT","@id":"https:\/\/styria-wien.at\/#\/schema\/person\/image\/","url":"https:\/\/secure.gravatar.com\/avatar\/a183176b86ef819ea9913e4f06b41d35?s=96&d=mm&r=g","contentUrl":"https:\/\/secure.gravatar.com\/avatar\/a183176b86ef819ea9913e4f06b41d35?s=96&d=mm&r=g","caption":"G\u00fcnter Unger"},"sameAs":["http:\/\/www.styria-wien.at"],"url":"https:\/\/styria-wien.at\/?author=2"}]}},"featured_image_urls":{"full":["https:\/\/styria-wien.at\/wp-content\/uploads\/2023\/06\/Bild-seeb.jpg",750,1000,false],"thumbnail":["https:\/\/styria-wien.at\/wp-content\/uploads\/2023\/06\/Bild-seeb-150x150.jpg",150,150,true],"medium":["https:\/\/styria-wien.at\/wp-content\/uploads\/2023\/06\/Bild-seeb-225x300.jpg",225,300,true],"medium_large":["https:\/\/styria-wien.at\/wp-content\/uploads\/2023\/06\/Bild-seeb.jpg",640,853,false],"large":["https:\/\/styria-wien.at\/wp-content\/uploads\/2023\/06\/Bild-seeb.jpg",640,853,false],"xmedium":["https:\/\/styria-wien.at\/wp-content\/uploads\/2023\/06\/Bild-seeb-450x450.jpg",450,450,true],"medium_slide":["https:\/\/styria-wien.at\/wp-content\/uploads\/2023\/06\/Bild-seeb-750x400.jpg",750,400,true],"big_slide":["https:\/\/styria-wien.at\/wp-content\/uploads\/2023\/06\/Bild-seeb-750x400.jpg",750,400,true],"1536x1536":["https:\/\/styria-wien.at\/wp-content\/uploads\/2023\/06\/Bild-seeb.jpg",750,1000,false],"2048x2048":["https:\/\/styria-wien.at\/wp-content\/uploads\/2023\/06\/Bild-seeb.jpg",750,1000,false],"newsphere-slider-full":["https:\/\/styria-wien.at\/wp-content\/uploads\/2023\/06\/Bild-seeb-750x720.jpg",750,720,true],"newsphere-featured":["https:\/\/styria-wien.at\/wp-content\/uploads\/2023\/06\/Bild-seeb.jpg",750,1000,false],"newsphere-medium":["https:\/\/styria-wien.at\/wp-content\/uploads\/2023\/06\/Bild-seeb-720x380.jpg",720,380,true]},"author_info":{"display_name":"G\u00fcnter Unger","author_link":"https:\/\/styria-wien.at\/?author=2"},"category_info":"<a href=\"https:\/\/styria-wien.at\/?cat=102\" rel=\"category\">Sommer 2023<\/a> <a href=\"https:\/\/styria-wien.at\/?cat=103\" rel=\"category\">Sommer 2023<\/a>","tag_info":"Sommer 2023","comment_count":"0","_links":{"self":[{"href":"https:\/\/styria-wien.at\/index.php?rest_route=\/wp\/v2\/posts\/2191"}],"collection":[{"href":"https:\/\/styria-wien.at\/index.php?rest_route=\/wp\/v2\/posts"}],"about":[{"href":"https:\/\/styria-wien.at\/index.php?rest_route=\/wp\/v2\/types\/post"}],"author":[{"embeddable":true,"href":"https:\/\/styria-wien.at\/index.php?rest_route=\/wp\/v2\/users\/2"}],"replies":[{"embeddable":true,"href":"https:\/\/styria-wien.at\/index.php?rest_route=%2Fwp%2Fv2%2Fcomments&post=2191"}],"version-history":[{"count":4,"href":"https:\/\/styria-wien.at\/index.php?rest_route=\/wp\/v2\/posts\/2191\/revisions"}],"predecessor-version":[{"id":2270,"href":"https:\/\/styria-wien.at\/index.php?rest_route=\/wp\/v2\/posts\/2191\/revisions\/2270"}],"wp:featuredmedia":[{"embeddable":true,"href":"https:\/\/styria-wien.at\/index.php?rest_route=\/wp\/v2\/media\/2189"}],"wp:attachment":[{"href":"https:\/\/styria-wien.at\/index.php?rest_route=%2Fwp%2Fv2%2Fmedia&parent=2191"}],"wp:term":[{"taxonomy":"category","embeddable":true,"href":"https:\/\/styria-wien.at\/index.php?rest_route=%2Fwp%2Fv2%2Fcategories&post=2191"},{"taxonomy":"post_tag","embeddable":true,"href":"https:\/\/styria-wien.at\/index.php?rest_route=%2Fwp%2Fv2%2Ftags&post=2191"}],"curies":[{"name":"wp","href":"https:\/\/api.w.org\/{rel}","templated":true}]}}