{"id":1688,"date":"2022-08-30T07:54:38","date_gmt":"2022-08-30T05:54:38","guid":{"rendered":"https:\/\/styria-wien.at\/?p=1688"},"modified":"2022-08-30T07:56:37","modified_gmt":"2022-08-30T05:56:37","slug":"landesmeisterschaft-der-herren-2022","status":"publish","type":"post","link":"https:\/\/styria-wien.at\/?p=1688","title":{"rendered":"Landesmeisterschaft der Herren 2022"},"content":{"rendered":"\n<figure class=\"wp-block-image size-large\"><img loading=\"lazy\" width=\"1024\" height=\"768\" src=\"https:\/\/styria-wien.at\/wp-content\/uploads\/2022\/08\/IMG_3579-1024x768.jpg\" alt=\"\" class=\"wp-image-1684\" srcset=\"https:\/\/styria-wien.at\/wp-content\/uploads\/2022\/08\/IMG_3579-1024x768.jpg 1024w, https:\/\/styria-wien.at\/wp-content\/uploads\/2022\/08\/IMG_3579-300x225.jpg 300w, https:\/\/styria-wien.at\/wp-content\/uploads\/2022\/08\/IMG_3579-768x576.jpg 768w, https:\/\/styria-wien.at\/wp-content\/uploads\/2022\/08\/IMG_3579-1536x1152.jpg 1536w, https:\/\/styria-wien.at\/wp-content\/uploads\/2022\/08\/IMG_3579.jpg 2016w\" sizes=\"(max-width: 1024px) 100vw, 1024px\" \/><\/figure>\n\n\n\n<p>Die Mannschaft mit Heinz, Peter, G\u00fcnter und Hubert erreichten in Bad Fischau Brunn am 28.08.2022 den Vize Landesmeistertitel. Unsere Mannschaft musste sich nur den Herren aus ESV Hetzendorf knapp geschlagen geben. Wir gratulieren den Sch\u00fctzen aufs herzlichste.<\/p>\n\n\n\n<p><a href=\"https:\/\/styria-wien.at\/wp-content\/uploads\/2022\/08\/LM-Herren-2022-ERG.pdf\">ERGEBNIS<\/a><\/p>\n\n\n\n<p><\/p>\n\n\n\n<p><\/p>\n\n\n\n<div class=\"schema-faq wp-block-yoast-faq-block\"><div class=\"schema-faq-section\" id=\"faq-question-1629639802482\"><strong class=\"schema-faq-question\"><\/strong> <p class=\"schema-faq-answer\"><\/p> <\/div> <\/div>\n\n\n","protected":false},"excerpt":{"rendered":"<p>Die Mannschaft mit Heinz, Peter, G\u00fcnter und Hubert erreichten in Bad Fischau Brunn am 28.08.2022&#8230;<\/p>\n","protected":false},"author":2,"featured_media":1683,"comment_status":"closed","ping_status":"closed","sticky":false,"template":"","format":"standard","meta":[],"categories":[4,74],"tags":[],"yoast_head":"<!-- This site is optimized with the Yoast SEO plugin v19.5.1 - https:\/\/yoast.com\/wordpress\/plugins\/seo\/ -->\r\n<title>Landesmeisterschaft der Herren 2022 - ESV Styria Wiener Prater<\/title>\r\n<meta name=\"robots\" content=\"index, follow, max-snippet:-1, max-image-preview:large, max-video-preview:-1\" \/>\r\n<link rel=\"canonical\" href=\"https:\/\/styria-wien.at\/?p=1688\" \/>\r\n<meta property=\"og:locale\" content=\"de_DE\" \/>\r\n<meta property=\"og:type\" content=\"article\" \/>\r\n<meta property=\"og:title\" content=\"Landesmeisterschaft der Herren 2022 - ESV Styria Wiener Prater\" \/>\r\n<meta property=\"og:description\" content=\"Die Mannschaft mit Heinz, Peter, G\u00fcnter und Hubert erreichten in Bad Fischau Brunn am 28.08.2022...\" \/>\r\n<meta property=\"og:url\" content=\"https:\/\/styria-wien.at\/?p=1688\" \/>\r\n<meta property=\"og:site_name\" content=\"ESV Styria Wiener Prater\" \/>\r\n<meta property=\"article:published_time\" content=\"2022-08-30T05:54:38+00:00\" \/>\r\n<meta property=\"article:modified_time\" content=\"2022-08-30T05:56:37+00:00\" \/>\r\n<meta property=\"og:image\" content=\"https:\/\/styria-wien.at\/wp-content\/uploads\/2022\/08\/cf6acd19-a2d9-422d-b4d1-5d07298e9fab.jpg\" \/>\r\n\t<meta property=\"og:image:width\" content=\"1024\" \/>\r\n\t<meta property=\"og:image:height\" content=\"768\" \/>\r\n\t<meta property=\"og:image:type\" content=\"image\/jpeg\" \/>\r\n<meta name=\"author\" content=\"G\u00fcnter Unger\" \/>\r\n<meta name=\"twitter:card\" content=\"summary_large_image\" \/>\r\n<meta name=\"twitter:label1\" content=\"Verfasst von\" \/>\n\t<meta name=\"twitter:data1\" content=\"G\u00fcnter Unger\" \/>\n\t<meta name=\"twitter:label2\" content=\"Gesch\u00e4tzte Lesezeit\" \/>\n\t<meta name=\"twitter:data2\" content=\"1 Minute\" \/>\r\n<script type=\"application\/ld+json\" class=\"yoast-schema-graph\">{\"@context\":\"https:\/\/schema.org\",\"@graph\":[{\"@type\":[\"WebPage\",\"FAQPage\"],\"@id\":\"https:\/\/styria-wien.at\/?p=1688\",\"url\":\"https:\/\/styria-wien.at\/?p=1688\",\"name\":\"Landesmeisterschaft der Herren 2022 - ESV Styria Wiener Prater\",\"isPartOf\":{\"@id\":\"https:\/\/styria-wien.at\/#website\"},\"datePublished\":\"2022-08-30T05:54:38+00:00\",\"dateModified\":\"2022-08-30T05:56:37+00:00\",\"author\":{\"@id\":\"https:\/\/styria-wien.at\/#\/schema\/person\/1b10a739067775ede87541d0146c002d\"},\"breadcrumb\":{\"@id\":\"https:\/\/styria-wien.at\/?p=1688#breadcrumb\"},\"inLanguage\":\"de-AT\",\"potentialAction\":[{\"@type\":\"ReadAction\",\"target\":[\"https:\/\/styria-wien.at\/?p=1688\"]}]},{\"@type\":\"BreadcrumbList\",\"@id\":\"https:\/\/styria-wien.at\/?p=1688#breadcrumb\",\"itemListElement\":[{\"@type\":\"ListItem\",\"position\":1,\"name\":\"Home\",\"item\":\"https:\/\/styria-wien.at\/\"},{\"@type\":\"ListItem\",\"position\":2,\"name\":\"Landesmeisterschaft der Herren 2022\"}]},{\"@type\":\"WebSite\",\"@id\":\"https:\/\/styria-wien.at\/#website\",\"url\":\"https:\/\/styria-wien.at\/\",\"name\":\"ESV Styria Wiener Prater\",\"description\":\"...erleben Sie Stocksport im Herzen von Wien\",\"potentialAction\":[{\"@type\":\"SearchAction\",\"target\":{\"@type\":\"EntryPoint\",\"urlTemplate\":\"https:\/\/styria-wien.at\/?s={search_term_string}\"},\"query-input\":\"required name=search_term_string\"}],\"inLanguage\":\"de-AT\"},{\"@type\":\"Person\",\"@id\":\"https:\/\/styria-wien.at\/#\/schema\/person\/1b10a739067775ede87541d0146c002d\",\"name\":\"G\u00fcnter Unger\",\"image\":{\"@type\":\"ImageObject\",\"inLanguage\":\"de-AT\",\"@id\":\"https:\/\/styria-wien.at\/#\/schema\/person\/image\/\",\"url\":\"https:\/\/secure.gravatar.com\/avatar\/a183176b86ef819ea9913e4f06b41d35?s=96&d=mm&r=g\",\"contentUrl\":\"https:\/\/secure.gravatar.com\/avatar\/a183176b86ef819ea9913e4f06b41d35?s=96&d=mm&r=g\",\"caption\":\"G\u00fcnter Unger\"},\"sameAs\":[\"http:\/\/www.styria-wien.at\"],\"url\":\"https:\/\/styria-wien.at\/?author=2\"}]}<\/script>\r\n<!-- \/ Yoast SEO plugin. -->","yoast_head_json":{"title":"Landesmeisterschaft der Herren 2022 - ESV Styria Wiener Prater","robots":{"index":"index","follow":"follow","max-snippet":"max-snippet:-1","max-image-preview":"max-image-preview:large","max-video-preview":"max-video-preview:-1"},"canonical":"https:\/\/styria-wien.at\/?p=1688","og_locale":"de_DE","og_type":"article","og_title":"Landesmeisterschaft der Herren 2022 - ESV Styria Wiener Prater","og_description":"Die Mannschaft mit Heinz, Peter, G\u00fcnter und Hubert erreichten in Bad Fischau Brunn am 28.08.2022...","og_url":"https:\/\/styria-wien.at\/?p=1688","og_site_name":"ESV Styria Wiener Prater","article_published_time":"2022-08-30T05:54:38+00:00","article_modified_time":"2022-08-30T05:56:37+00:00","og_image":[{"width":1024,"height":768,"url":"https:\/\/styria-wien.at\/wp-content\/uploads\/2022\/08\/cf6acd19-a2d9-422d-b4d1-5d07298e9fab.jpg","type":"image\/jpeg"}],"author":"G\u00fcnter Unger","twitter_card":"summary_large_image","twitter_misc":{"Verfasst von":"G\u00fcnter Unger","Gesch\u00e4tzte Lesezeit":"1 Minute"},"schema":{"@context":"https:\/\/schema.org","@graph":[{"@type":["WebPage","FAQPage"],"@id":"https:\/\/styria-wien.at\/?p=1688","url":"https:\/\/styria-wien.at\/?p=1688","name":"Landesmeisterschaft der Herren 2022 - ESV Styria Wiener Prater","isPartOf":{"@id":"https:\/\/styria-wien.at\/#website"},"datePublished":"2022-08-30T05:54:38+00:00","dateModified":"2022-08-30T05:56:37+00:00","author":{"@id":"https:\/\/styria-wien.at\/#\/schema\/person\/1b10a739067775ede87541d0146c002d"},"breadcrumb":{"@id":"https:\/\/styria-wien.at\/?p=1688#breadcrumb"},"inLanguage":"de-AT","potentialAction":[{"@type":"ReadAction","target":["https:\/\/styria-wien.at\/?p=1688"]}]},{"@type":"BreadcrumbList","@id":"https:\/\/styria-wien.at\/?p=1688#breadcrumb","itemListElement":[{"@type":"ListItem","position":1,"name":"Home","item":"https:\/\/styria-wien.at\/"},{"@type":"ListItem","position":2,"name":"Landesmeisterschaft der Herren 2022"}]},{"@type":"WebSite","@id":"https:\/\/styria-wien.at\/#website","url":"https:\/\/styria-wien.at\/","name":"ESV Styria Wiener Prater","description":"...erleben Sie Stocksport im Herzen von Wien","potentialAction":[{"@type":"SearchAction","target":{"@type":"EntryPoint","urlTemplate":"https:\/\/styria-wien.at\/?s={search_term_string}"},"query-input":"required name=search_term_string"}],"inLanguage":"de-AT"},{"@type":"Person","@id":"https:\/\/styria-wien.at\/#\/schema\/person\/1b10a739067775ede87541d0146c002d","name":"G\u00fcnter Unger","image":{"@type":"ImageObject","inLanguage":"de-AT","@id":"https:\/\/styria-wien.at\/#\/schema\/person\/image\/","url":"https:\/\/secure.gravatar.com\/avatar\/a183176b86ef819ea9913e4f06b41d35?s=96&d=mm&r=g","contentUrl":"https:\/\/secure.gravatar.com\/avatar\/a183176b86ef819ea9913e4f06b41d35?s=96&d=mm&r=g","caption":"G\u00fcnter Unger"},"sameAs":["http:\/\/www.styria-wien.at"],"url":"https:\/\/styria-wien.at\/?author=2"}]}},"featured_image_urls":{"full":["https:\/\/styria-wien.at\/wp-content\/uploads\/2022\/08\/cf6acd19-a2d9-422d-b4d1-5d07298e9fab.jpg",1024,768,false],"thumbnail":["https:\/\/styria-wien.at\/wp-content\/uploads\/2022\/08\/cf6acd19-a2d9-422d-b4d1-5d07298e9fab-150x150.jpg",150,150,true],"medium":["https:\/\/styria-wien.at\/wp-content\/uploads\/2022\/08\/cf6acd19-a2d9-422d-b4d1-5d07298e9fab-300x225.jpg",300,225,true],"medium_large":["https:\/\/styria-wien.at\/wp-content\/uploads\/2022\/08\/cf6acd19-a2d9-422d-b4d1-5d07298e9fab-768x576.jpg",640,480,true],"large":["https:\/\/styria-wien.at\/wp-content\/uploads\/2022\/08\/cf6acd19-a2d9-422d-b4d1-5d07298e9fab.jpg",640,480,false],"xmedium":["https:\/\/styria-wien.at\/wp-content\/uploads\/2022\/08\/cf6acd19-a2d9-422d-b4d1-5d07298e9fab-450x450.jpg",450,450,true],"medium_slide":["https:\/\/styria-wien.at\/wp-content\/uploads\/2022\/08\/cf6acd19-a2d9-422d-b4d1-5d07298e9fab-1024x400.jpg",1024,400,true],"big_slide":["https:\/\/styria-wien.at\/wp-content\/uploads\/2022\/08\/cf6acd19-a2d9-422d-b4d1-5d07298e9fab-1024x400.jpg",1024,400,true],"1536x1536":["https:\/\/styria-wien.at\/wp-content\/uploads\/2022\/08\/cf6acd19-a2d9-422d-b4d1-5d07298e9fab.jpg",1024,768,false],"2048x2048":["https:\/\/styria-wien.at\/wp-content\/uploads\/2022\/08\/cf6acd19-a2d9-422d-b4d1-5d07298e9fab.jpg",1024,768,false],"newsphere-slider-full":["https:\/\/styria-wien.at\/wp-content\/uploads\/2022\/08\/cf6acd19-a2d9-422d-b4d1-5d07298e9fab-1024x720.jpg",1024,720,true],"newsphere-featured":["https:\/\/styria-wien.at\/wp-content\/uploads\/2022\/08\/cf6acd19-a2d9-422d-b4d1-5d07298e9fab.jpg",1024,768,false],"newsphere-medium":["https:\/\/styria-wien.at\/wp-content\/uploads\/2022\/08\/cf6acd19-a2d9-422d-b4d1-5d07298e9fab-720x380.jpg",720,380,true]},"author_info":{"display_name":"G\u00fcnter Unger","author_link":"https:\/\/styria-wien.at\/?author=2"},"category_info":"<a href=\"https:\/\/styria-wien.at\/?cat=4\" rel=\"category\">Aktuelles<\/a> <a href=\"https:\/\/styria-wien.at\/?cat=74\" rel=\"category\">Sommer 2022<\/a>","tag_info":"Sommer 2022","comment_count":"0","_links":{"self":[{"href":"https:\/\/styria-wien.at\/index.php?rest_route=\/wp\/v2\/posts\/1688"}],"collection":[{"href":"https:\/\/styria-wien.at\/index.php?rest_route=\/wp\/v2\/posts"}],"about":[{"href":"https:\/\/styria-wien.at\/index.php?rest_route=\/wp\/v2\/types\/post"}],"author":[{"embeddable":true,"href":"https:\/\/styria-wien.at\/index.php?rest_route=\/wp\/v2\/users\/2"}],"replies":[{"embeddable":true,"href":"https:\/\/styria-wien.at\/index.php?rest_route=%2Fwp%2Fv2%2Fcomments&post=1688"}],"version-history":[{"count":3,"href":"https:\/\/styria-wien.at\/index.php?rest_route=\/wp\/v2\/posts\/1688\/revisions"}],"predecessor-version":[{"id":1692,"href":"https:\/\/styria-wien.at\/index.php?rest_route=\/wp\/v2\/posts\/1688\/revisions\/1692"}],"wp:featuredmedia":[{"embeddable":true,"href":"https:\/\/styria-wien.at\/index.php?rest_route=\/wp\/v2\/media\/1683"}],"wp:attachment":[{"href":"https:\/\/styria-wien.at\/index.php?rest_route=%2Fwp%2Fv2%2Fmedia&parent=1688"}],"wp:term":[{"taxonomy":"category","embeddable":true,"href":"https:\/\/styria-wien.at\/index.php?rest_route=%2Fwp%2Fv2%2Fcategories&post=1688"},{"taxonomy":"post_tag","embeddable":true,"href":"https:\/\/styria-wien.at\/index.php?rest_route=%2Fwp%2Fv2%2Ftags&post=1688"}],"curies":[{"name":"wp","href":"https:\/\/api.w.org\/{rel}","templated":true}]}}