{"id":1621,"date":"2022-07-24T20:19:44","date_gmt":"2022-07-24T18:19:44","guid":{"rendered":"https:\/\/styria-wien.at\/?p=1621"},"modified":"2022-07-24T20:19:47","modified_gmt":"2022-07-24T18:19:47","slug":"special-olympics-sommerspiele-2022","status":"publish","type":"post","link":"https:\/\/styria-wien.at\/?p=1621","title":{"rendered":"Special Olympics Sommerspiele 2022"},"content":{"rendered":"\n<p>Vom 23-26.6.2022 fanden in Oberwart die \u00d6sterreichischen Special Olympics Sommerspiele statt.<\/p>\n\n\n\n<p>Der ESV Styria Wiener Parter war mit 2 Mannschaften vertreten. Unsere Stocksportler wurden von unseren beiden Betreuern Heinz, und Peter sowie von ihren Eltern aufs beste unterst\u00fctzt<\/p>\n\n\n\n<p>Unsere Sportler schlugen sich Hervorragend<\/p>\n\n\n\n<p>In den Einzelbewerben wurde 1 mal Gold, 2 mal Silber und 3 mal Bronze erreicht. <\/p>\n\n\n\n<p>Bei den Mannschaften einmal Bronze.<\/p>\n\n\n\n<p>Wir gratulieren allen Sportlern zu ihren Erfolgen.<\/p>\n\n\n\n<p>Mannschaft Gruppe B 5. Platz <\/p>\n\n\n\n<figure class=\"wp-block-image size-large is-resized\"><img loading=\"lazy\" src=\"https:\/\/styria-wien.at\/wp-content\/uploads\/2022\/07\/Foto-1-767x1024.jpg\" alt=\"\" class=\"wp-image-1605\" width=\"299\" height=\"400\" srcset=\"https:\/\/styria-wien.at\/wp-content\/uploads\/2022\/07\/Foto-1-767x1024.jpg 767w, https:\/\/styria-wien.at\/wp-content\/uploads\/2022\/07\/Foto-1-225x300.jpg 225w, https:\/\/styria-wien.at\/wp-content\/uploads\/2022\/07\/Foto-1-768x1026.jpg 768w, https:\/\/styria-wien.at\/wp-content\/uploads\/2022\/07\/Foto-1-1150x1536.jpg 1150w, https:\/\/styria-wien.at\/wp-content\/uploads\/2022\/07\/Foto-1-1024x1368.jpg 1024w, https:\/\/styria-wien.at\/wp-content\/uploads\/2022\/07\/Foto-1.jpg 1533w\" sizes=\"(max-width: 299px) 100vw, 299px\" \/><\/figure>\n\n\n\n<p><a href=\"https:\/\/styria-wien.at\/wp-content\/uploads\/2022\/07\/Mannschaft-Gruppe-B.jpg\">ERGEBNIS<\/a><\/p>\n\n\n\n<p>Mannschaft Gruppe C Dritter Platz<\/p>\n\n\n\n<figure class=\"wp-block-image size-large is-resized\"><img loading=\"lazy\" src=\"https:\/\/styria-wien.at\/wp-content\/uploads\/2022\/07\/Foto-2-767x1024.jpg\" alt=\"\" class=\"wp-image-1606\" width=\"306\" height=\"408\" srcset=\"https:\/\/styria-wien.at\/wp-content\/uploads\/2022\/07\/Foto-2-767x1024.jpg 767w, https:\/\/styria-wien.at\/wp-content\/uploads\/2022\/07\/Foto-2-225x300.jpg 225w, https:\/\/styria-wien.at\/wp-content\/uploads\/2022\/07\/Foto-2-768x1026.jpg 768w, https:\/\/styria-wien.at\/wp-content\/uploads\/2022\/07\/Foto-2-1150x1536.jpg 1150w, https:\/\/styria-wien.at\/wp-content\/uploads\/2022\/07\/Foto-2-1024x1368.jpg 1024w, https:\/\/styria-wien.at\/wp-content\/uploads\/2022\/07\/Foto-2.jpg 1533w\" sizes=\"(max-width: 306px) 100vw, 306px\" \/><\/figure>\n\n\n\n<p><a href=\"https:\/\/styria-wien.at\/wp-content\/uploads\/2022\/07\/Mannschaft-Gruppe-c.jpg\">ERGEBNIS<\/a><\/p>\n\n\n\n<p>Hier die Ergebnisse der Einzelbewerbe<\/p>\n\n\n\n<p>Gold<\/p>\n\n\n\n<p><a href=\"https:\/\/styria-wien.at\/wp-content\/uploads\/2022\/07\/Ziel-Gruppe-P.jpg\">ERGEBNISS<\/a><\/p>\n\n\n\n<p>Silber<\/p>\n\n\n\n<p><a href=\"https:\/\/styria-wien.at\/wp-content\/uploads\/2022\/07\/Ziel-Gr-F.jpg\">ERGEBNIS<\/a>  <a href=\"https:\/\/styria-wien.at\/wp-content\/uploads\/2022\/07\/Ziel-Gr.N.jpg\">ERGEBNIS<\/a><\/p>\n\n\n\n<p>Bronze<\/p>\n\n\n\n<p><a href=\"https:\/\/styria-wien.at\/wp-content\/uploads\/2022\/07\/Ziel-Gr-J.jpg\">ERGEBNIS<\/a> <a href=\"https:\/\/styria-wien.at\/wp-content\/uploads\/2022\/07\/Ziel-Gr-Q.jpg\">ERGEBNIS<\/a> <a href=\"https:\/\/styria-wien.at\/wp-content\/uploads\/2022\/07\/Ziel-GRG.jpg\">ERGEBNIS<\/a><\/p>\n\n\n\n<p>Danke allen Sportlern und Betreuern<\/p>\n\n\n\n<figure class=\"wp-block-image size-large is-resized\"><img loading=\"lazy\" src=\"https:\/\/styria-wien.at\/wp-content\/uploads\/2022\/07\/Foto-7-767x1024.jpg\" alt=\"\" class=\"wp-image-1610\" width=\"254\" height=\"337\"\/><\/figure>\n\n\n\n<figure class=\"wp-block-image size-large is-resized\"><img loading=\"lazy\" src=\"https:\/\/styria-wien.at\/wp-content\/uploads\/2022\/07\/Foto-6-767x1024.jpg\" alt=\"\" class=\"wp-image-1609\" width=\"257\" height=\"343\" srcset=\"https:\/\/styria-wien.at\/wp-content\/uploads\/2022\/07\/Foto-6-767x1024.jpg 767w, https:\/\/styria-wien.at\/wp-content\/uploads\/2022\/07\/Foto-6-225x300.jpg 225w, https:\/\/styria-wien.at\/wp-content\/uploads\/2022\/07\/Foto-6-768x1026.jpg 768w, https:\/\/styria-wien.at\/wp-content\/uploads\/2022\/07\/Foto-6-1150x1536.jpg 1150w, https:\/\/styria-wien.at\/wp-content\/uploads\/2022\/07\/Foto-6-1024x1368.jpg 1024w, https:\/\/styria-wien.at\/wp-content\/uploads\/2022\/07\/Foto-6.jpg 1533w\" sizes=\"(max-width: 257px) 100vw, 257px\" \/><\/figure>\n\n\n\n<figure class=\"wp-block-image size-large is-resized\"><img loading=\"lazy\" src=\"https:\/\/styria-wien.at\/wp-content\/uploads\/2022\/07\/Foto-3a-1024x715.jpg\" alt=\"\" class=\"wp-image-1623\" width=\"363\" height=\"253\" srcset=\"https:\/\/styria-wien.at\/wp-content\/uploads\/2022\/07\/Foto-3a-1024x715.jpg 1024w, https:\/\/styria-wien.at\/wp-content\/uploads\/2022\/07\/Foto-3a-300x209.jpg 300w, https:\/\/styria-wien.at\/wp-content\/uploads\/2022\/07\/Foto-3a-768x536.jpg 768w, https:\/\/styria-wien.at\/wp-content\/uploads\/2022\/07\/Foto-3a.jpg 1080w\" sizes=\"(max-width: 363px) 100vw, 363px\" \/><\/figure>\n\n\n\n<figure class=\"wp-block-image size-large is-resized\"><img loading=\"lazy\" src=\"https:\/\/styria-wien.at\/wp-content\/uploads\/2022\/07\/Foto-4a-1024x679.jpg\" alt=\"\" class=\"wp-image-1624\" width=\"377\" height=\"249\" srcset=\"https:\/\/styria-wien.at\/wp-content\/uploads\/2022\/07\/Foto-4a-1024x679.jpg 1024w, https:\/\/styria-wien.at\/wp-content\/uploads\/2022\/07\/Foto-4a-300x199.jpg 300w, https:\/\/styria-wien.at\/wp-content\/uploads\/2022\/07\/Foto-4a-768x509.jpg 768w, https:\/\/styria-wien.at\/wp-content\/uploads\/2022\/07\/Foto-4a.jpg 1080w\" sizes=\"(max-width: 377px) 100vw, 377px\" \/><\/figure>\n\n\n\n<div class=\"schema-faq wp-block-yoast-faq-block\"><div class=\"schema-faq-section\" id=\"faq-question-1658685793140\"><strong class=\"schema-faq-question\"><\/strong> <p class=\"schema-faq-answer\"><\/p> <\/div> <\/div>\n\n\n\n\n\n<p><\/p>\n","protected":false},"excerpt":{"rendered":"<p>Vom 23-26.6.2022 fanden in Oberwart die \u00d6sterreichischen Special Olympics Sommerspiele statt. Der ESV Styria Wiener&#8230;<\/p>\n","protected":false},"author":2,"featured_media":1622,"comment_status":"closed","ping_status":"closed","sticky":false,"template":"","format":"standard","meta":[],"categories":[4,74],"tags":[20],"yoast_head":"<!-- This site is optimized with the Yoast SEO plugin v19.5.1 - https:\/\/yoast.com\/wordpress\/plugins\/seo\/ -->\r\n<title>Special Olympics Sommerspiele 2022 - ESV Styria Wiener Prater<\/title>\r\n<meta name=\"robots\" content=\"index, follow, max-snippet:-1, max-image-preview:large, max-video-preview:-1\" \/>\r\n<link rel=\"canonical\" href=\"https:\/\/styria-wien.at\/?p=1621\" \/>\r\n<meta property=\"og:locale\" content=\"de_DE\" \/>\r\n<meta property=\"og:type\" content=\"article\" \/>\r\n<meta property=\"og:title\" content=\"Special Olympics Sommerspiele 2022 - ESV Styria Wiener Prater\" \/>\r\n<meta property=\"og:description\" content=\"Vom 23-26.6.2022 fanden in Oberwart die \u00d6sterreichischen Special Olympics Sommerspiele statt. Der ESV Styria Wiener...\" \/>\r\n<meta property=\"og:url\" content=\"https:\/\/styria-wien.at\/?p=1621\" \/>\r\n<meta property=\"og:site_name\" content=\"ESV Styria Wiener Prater\" \/>\r\n<meta property=\"article:published_time\" content=\"2022-07-24T18:19:44+00:00\" \/>\r\n<meta property=\"article:modified_time\" content=\"2022-07-24T18:19:47+00:00\" \/>\r\n<meta property=\"og:image\" content=\"https:\/\/styria-wien.at\/wp-content\/uploads\/2022\/07\/3.jpg\" \/>\r\n\t<meta property=\"og:image:width\" content=\"682\" \/>\r\n\t<meta property=\"og:image:height\" content=\"1024\" \/>\r\n\t<meta property=\"og:image:type\" content=\"image\/jpeg\" \/>\r\n<meta name=\"author\" content=\"G\u00fcnter Unger\" \/>\r\n<meta name=\"twitter:card\" content=\"summary_large_image\" \/>\r\n<meta name=\"twitter:label1\" content=\"Verfasst von\" \/>\n\t<meta name=\"twitter:data1\" content=\"G\u00fcnter Unger\" \/>\n\t<meta name=\"twitter:label2\" content=\"Gesch\u00e4tzte Lesezeit\" \/>\n\t<meta name=\"twitter:data2\" content=\"2 Minuten\" \/>\r\n<script type=\"application\/ld+json\" class=\"yoast-schema-graph\">{\"@context\":\"https:\/\/schema.org\",\"@graph\":[{\"@type\":[\"WebPage\",\"FAQPage\"],\"@id\":\"https:\/\/styria-wien.at\/?p=1621\",\"url\":\"https:\/\/styria-wien.at\/?p=1621\",\"name\":\"Special Olympics Sommerspiele 2022 - ESV Styria Wiener Prater\",\"isPartOf\":{\"@id\":\"https:\/\/styria-wien.at\/#website\"},\"datePublished\":\"2022-07-24T18:19:44+00:00\",\"dateModified\":\"2022-07-24T18:19:47+00:00\",\"author\":{\"@id\":\"https:\/\/styria-wien.at\/#\/schema\/person\/1b10a739067775ede87541d0146c002d\"},\"breadcrumb\":{\"@id\":\"https:\/\/styria-wien.at\/?p=1621#breadcrumb\"},\"inLanguage\":\"de-AT\",\"potentialAction\":[{\"@type\":\"ReadAction\",\"target\":[\"https:\/\/styria-wien.at\/?p=1621\"]}]},{\"@type\":\"BreadcrumbList\",\"@id\":\"https:\/\/styria-wien.at\/?p=1621#breadcrumb\",\"itemListElement\":[{\"@type\":\"ListItem\",\"position\":1,\"name\":\"Home\",\"item\":\"https:\/\/styria-wien.at\/\"},{\"@type\":\"ListItem\",\"position\":2,\"name\":\"Special Olympics Sommerspiele 2022\"}]},{\"@type\":\"WebSite\",\"@id\":\"https:\/\/styria-wien.at\/#website\",\"url\":\"https:\/\/styria-wien.at\/\",\"name\":\"ESV Styria Wiener Prater\",\"description\":\"...erleben Sie Stocksport im Herzen von Wien\",\"potentialAction\":[{\"@type\":\"SearchAction\",\"target\":{\"@type\":\"EntryPoint\",\"urlTemplate\":\"https:\/\/styria-wien.at\/?s={search_term_string}\"},\"query-input\":\"required name=search_term_string\"}],\"inLanguage\":\"de-AT\"},{\"@type\":\"Person\",\"@id\":\"https:\/\/styria-wien.at\/#\/schema\/person\/1b10a739067775ede87541d0146c002d\",\"name\":\"G\u00fcnter Unger\",\"image\":{\"@type\":\"ImageObject\",\"inLanguage\":\"de-AT\",\"@id\":\"https:\/\/styria-wien.at\/#\/schema\/person\/image\/\",\"url\":\"https:\/\/secure.gravatar.com\/avatar\/a183176b86ef819ea9913e4f06b41d35?s=96&d=mm&r=g\",\"contentUrl\":\"https:\/\/secure.gravatar.com\/avatar\/a183176b86ef819ea9913e4f06b41d35?s=96&d=mm&r=g\",\"caption\":\"G\u00fcnter Unger\"},\"sameAs\":[\"http:\/\/www.styria-wien.at\"],\"url\":\"https:\/\/styria-wien.at\/?author=2\"}]}<\/script>\r\n<!-- \/ Yoast SEO plugin. -->","yoast_head_json":{"title":"Special Olympics Sommerspiele 2022 - ESV Styria Wiener Prater","robots":{"index":"index","follow":"follow","max-snippet":"max-snippet:-1","max-image-preview":"max-image-preview:large","max-video-preview":"max-video-preview:-1"},"canonical":"https:\/\/styria-wien.at\/?p=1621","og_locale":"de_DE","og_type":"article","og_title":"Special Olympics Sommerspiele 2022 - ESV Styria Wiener Prater","og_description":"Vom 23-26.6.2022 fanden in Oberwart die \u00d6sterreichischen Special Olympics Sommerspiele statt. Der ESV Styria Wiener...","og_url":"https:\/\/styria-wien.at\/?p=1621","og_site_name":"ESV Styria Wiener Prater","article_published_time":"2022-07-24T18:19:44+00:00","article_modified_time":"2022-07-24T18:19:47+00:00","og_image":[{"width":682,"height":1024,"url":"https:\/\/styria-wien.at\/wp-content\/uploads\/2022\/07\/3.jpg","type":"image\/jpeg"}],"author":"G\u00fcnter Unger","twitter_card":"summary_large_image","twitter_misc":{"Verfasst von":"G\u00fcnter Unger","Gesch\u00e4tzte Lesezeit":"2 Minuten"},"schema":{"@context":"https:\/\/schema.org","@graph":[{"@type":["WebPage","FAQPage"],"@id":"https:\/\/styria-wien.at\/?p=1621","url":"https:\/\/styria-wien.at\/?p=1621","name":"Special Olympics Sommerspiele 2022 - ESV Styria Wiener Prater","isPartOf":{"@id":"https:\/\/styria-wien.at\/#website"},"datePublished":"2022-07-24T18:19:44+00:00","dateModified":"2022-07-24T18:19:47+00:00","author":{"@id":"https:\/\/styria-wien.at\/#\/schema\/person\/1b10a739067775ede87541d0146c002d"},"breadcrumb":{"@id":"https:\/\/styria-wien.at\/?p=1621#breadcrumb"},"inLanguage":"de-AT","potentialAction":[{"@type":"ReadAction","target":["https:\/\/styria-wien.at\/?p=1621"]}]},{"@type":"BreadcrumbList","@id":"https:\/\/styria-wien.at\/?p=1621#breadcrumb","itemListElement":[{"@type":"ListItem","position":1,"name":"Home","item":"https:\/\/styria-wien.at\/"},{"@type":"ListItem","position":2,"name":"Special Olympics Sommerspiele 2022"}]},{"@type":"WebSite","@id":"https:\/\/styria-wien.at\/#website","url":"https:\/\/styria-wien.at\/","name":"ESV Styria Wiener Prater","description":"...erleben Sie Stocksport im Herzen von Wien","potentialAction":[{"@type":"SearchAction","target":{"@type":"EntryPoint","urlTemplate":"https:\/\/styria-wien.at\/?s={search_term_string}"},"query-input":"required name=search_term_string"}],"inLanguage":"de-AT"},{"@type":"Person","@id":"https:\/\/styria-wien.at\/#\/schema\/person\/1b10a739067775ede87541d0146c002d","name":"G\u00fcnter Unger","image":{"@type":"ImageObject","inLanguage":"de-AT","@id":"https:\/\/styria-wien.at\/#\/schema\/person\/image\/","url":"https:\/\/secure.gravatar.com\/avatar\/a183176b86ef819ea9913e4f06b41d35?s=96&d=mm&r=g","contentUrl":"https:\/\/secure.gravatar.com\/avatar\/a183176b86ef819ea9913e4f06b41d35?s=96&d=mm&r=g","caption":"G\u00fcnter Unger"},"sameAs":["http:\/\/www.styria-wien.at"],"url":"https:\/\/styria-wien.at\/?author=2"}]}},"featured_image_urls":{"full":["https:\/\/styria-wien.at\/wp-content\/uploads\/2022\/07\/3.jpg",682,1024,false],"thumbnail":["https:\/\/styria-wien.at\/wp-content\/uploads\/2022\/07\/3-150x150.jpg",150,150,true],"medium":["https:\/\/styria-wien.at\/wp-content\/uploads\/2022\/07\/3-200x300.jpg",200,300,true],"medium_large":["https:\/\/styria-wien.at\/wp-content\/uploads\/2022\/07\/3.jpg",640,961,false],"large":["https:\/\/styria-wien.at\/wp-content\/uploads\/2022\/07\/3.jpg",640,961,false],"xmedium":["https:\/\/styria-wien.at\/wp-content\/uploads\/2022\/07\/3-450x450.jpg",450,450,true],"medium_slide":["https:\/\/styria-wien.at\/wp-content\/uploads\/2022\/07\/3-682x400.jpg",682,400,true],"big_slide":["https:\/\/styria-wien.at\/wp-content\/uploads\/2022\/07\/3-682x400.jpg",682,400,true],"1536x1536":["https:\/\/styria-wien.at\/wp-content\/uploads\/2022\/07\/3.jpg",682,1024,false],"2048x2048":["https:\/\/styria-wien.at\/wp-content\/uploads\/2022\/07\/3.jpg",682,1024,false],"newsphere-slider-full":["https:\/\/styria-wien.at\/wp-content\/uploads\/2022\/07\/3-682x720.jpg",682,720,true],"newsphere-featured":["https:\/\/styria-wien.at\/wp-content\/uploads\/2022\/07\/3.jpg",682,1024,false],"newsphere-medium":["https:\/\/styria-wien.at\/wp-content\/uploads\/2022\/07\/3-682x380.jpg",682,380,true]},"author_info":{"display_name":"G\u00fcnter Unger","author_link":"https:\/\/styria-wien.at\/?author=2"},"category_info":"<a href=\"https:\/\/styria-wien.at\/?cat=4\" rel=\"category\">Aktuelles<\/a> <a href=\"https:\/\/styria-wien.at\/?cat=74\" rel=\"category\">Sommer 2022<\/a>","tag_info":"Sommer 2022","comment_count":"0","_links":{"self":[{"href":"https:\/\/styria-wien.at\/index.php?rest_route=\/wp\/v2\/posts\/1621"}],"collection":[{"href":"https:\/\/styria-wien.at\/index.php?rest_route=\/wp\/v2\/posts"}],"about":[{"href":"https:\/\/styria-wien.at\/index.php?rest_route=\/wp\/v2\/types\/post"}],"author":[{"embeddable":true,"href":"https:\/\/styria-wien.at\/index.php?rest_route=\/wp\/v2\/users\/2"}],"replies":[{"embeddable":true,"href":"https:\/\/styria-wien.at\/index.php?rest_route=%2Fwp%2Fv2%2Fcomments&post=1621"}],"version-history":[{"count":1,"href":"https:\/\/styria-wien.at\/index.php?rest_route=\/wp\/v2\/posts\/1621\/revisions"}],"predecessor-version":[{"id":1625,"href":"https:\/\/styria-wien.at\/index.php?rest_route=\/wp\/v2\/posts\/1621\/revisions\/1625"}],"wp:featuredmedia":[{"embeddable":true,"href":"https:\/\/styria-wien.at\/index.php?rest_route=\/wp\/v2\/media\/1622"}],"wp:attachment":[{"href":"https:\/\/styria-wien.at\/index.php?rest_route=%2Fwp%2Fv2%2Fmedia&parent=1621"}],"wp:term":[{"taxonomy":"category","embeddable":true,"href":"https:\/\/styria-wien.at\/index.php?rest_route=%2Fwp%2Fv2%2Fcategories&post=1621"},{"taxonomy":"post_tag","embeddable":true,"href":"https:\/\/styria-wien.at\/index.php?rest_route=%2Fwp%2Fv2%2Ftags&post=1621"}],"curies":[{"name":"wp","href":"https:\/\/api.w.org\/{rel}","templated":true}]}}